{"id":621926,"date":"2025-12-25T17:38:13","date_gmt":"2025-12-25T17:38:13","guid":{"rendered":"https:\/\/www.europesays.com\/fr\/621926\/"},"modified":"2025-12-25T17:38:13","modified_gmt":"2025-12-25T17:38:13","slug":"strasbourg-des-coups-de-feu-tires-sur-la-facade-dune-maison-le-soir-du-reveillon","status":"publish","type":"post","link":"https:\/\/www.europesays.com\/fr\/621926\/","title":{"rendered":"Strasbourg. Des coups de feu tir\u00e9s sur la fa\u00e7ade d\u2019une maison le soir du r\u00e9veillon"},"content":{"rendered":"<p>La police a \u00e9t\u00e9 appel\u00e9e dans la nuit de mercredi 24 \u00e0 jeudi 25 d\u00e9cembre peu apr\u00e8s minuit pour des coups de feu, dirig\u00e9s contre la fa\u00e7ade d\u2019une maison situ\u00e9e rue Georges-Gusdorf, dans le quartier du Neuhof \u00e0 Strasbourg. Au moins deux impacts de balle ont \u00e9t\u00e9 observ\u00e9s. L\u2019incident n\u2019a pas fait de bless\u00e9. Une enqu\u00eate a \u00e9t\u00e9 ouverte afin d\u2019identifier l\u2019auteur de ces tirs.<\/p>\n","protected":false},"excerpt":{"rendered":"La police a \u00e9t\u00e9 appel\u00e9e dans la nuit de mercredi 24 \u00e0 jeudi 25 d\u00e9cembre peu apr\u00e8s minuit&hellip;\n","protected":false},"author":2,"featured_media":415972,"comment_status":"","ping_status":"","sticky":false,"template":"","format":"standard","meta":{"footnotes":""},"categories":[2820],"tags":[1111,11,271,272,2880,1777,674,274,107,1011,27,775,12,25,640],"class_list":{"0":"post-621926","1":"post","2":"type-post","3":"status-publish","4":"format-standard","5":"has-post-thumbnail","7":"category-strasbourg","8":"tag-actu","9":"tag-actualites","10":"tag-crime","11":"tag-delit-et-contravention","12":"tag-edition-strasbourg","13":"tag-eu","14":"tag-europe","15":"tag-faits-divers-justice","16":"tag-fil-info","17":"tag-fr","18":"tag-france","19":"tag-grand-est","20":"tag-news","21":"tag-republique-francaise","22":"tag-strasbourg"},"share_on_mastodon":{"url":"https:\/\/pubeurope.com\/@fr\/115781429196019357","error":""},"_links":{"self":[{"href":"https:\/\/www.europesays.com\/fr\/wp-json\/wp\/v2\/posts\/621926","targetHints":{"allow":["GET"]}}],"collection":[{"href":"https:\/\/www.europesays.com\/fr\/wp-json\/wp\/v2\/posts"}],"about":[{"href":"https:\/\/www.europesays.com\/fr\/wp-json\/wp\/v2\/types\/post"}],"author":[{"embeddable":true,"href":"https:\/\/www.europesays.com\/fr\/wp-json\/wp\/v2\/users\/2"}],"replies":[{"embeddable":true,"href":"https:\/\/www.europesays.com\/fr\/wp-json\/wp\/v2\/comments?post=621926"}],"version-history":[{"count":0,"href":"https:\/\/www.europesays.com\/fr\/wp-json\/wp\/v2\/posts\/621926\/revisions"}],"wp:featuredmedia":[{"embeddable":true,"href":"https:\/\/www.europesays.com\/fr\/wp-json\/wp\/v2\/media\/415972"}],"wp:attachment":[{"href":"https:\/\/www.europesays.com\/fr\/wp-json\/wp\/v2\/media?parent=621926"}],"wp:term":[{"taxonomy":"category","embeddable":true,"href":"https:\/\/www.europesays.com\/fr\/wp-json\/wp\/v2\/categories?post=621926"},{"taxonomy":"post_tag","embeddable":true,"href":"https:\/\/www.europesays.com\/fr\/wp-json\/wp\/v2\/tags?post=621926"}],"curies":[{"name":"wp","href":"https:\/\/api.w.org\/{rel}","templated":true}]}}