{"id":621929,"date":"2025-12-25T17:40:18","date_gmt":"2025-12-25T17:40:18","guid":{"rendered":"https:\/\/www.europesays.com\/fr\/621929\/"},"modified":"2025-12-25T17:40:18","modified_gmt":"2025-12-25T17:40:18","slug":"catherine-yot-cinquieme-candidate-aux-elections-municipales-a-vence","status":"publish","type":"post","link":"https:\/\/www.europesays.com\/fr\/621929\/","title":{"rendered":"Catherine Yot cinqui\u00e8me candidate aux \u00e9lections municipales \u00e0 Vence"},"content":{"rendered":"<p class=\"fs-5 \">Par Bruno Bernard \/ cagnes-sur-mer@nicematin.fr<\/p>\n<p class=\"fs-5 \">Et de cinq ! Apr\u00e8s Anne Sattonnet (LR\/Nouvelle \u00c9nergie), Patrick Scalzo (SE), Jean-Louis Fiori (gauche et \u00e9cologie) et R\u00e9gis Lebigre (maire sortant, divers droite), Catherine Yot est la cinqui\u00e8me \u00e0 annoncer qu\u2019elle pr\u00e9sentera une liste aux \u00e9lections municipales des 15 et 22 mars pour Vence. La conseill\u00e8re municipale entre 2014 et 2020 promet \u00ab une \u00e9quipe de tous bords et tous \u00e2ges tr\u00e8s investis \u00bb, avec l\u2019ambition de \u00ab r\u00e9veiller Vence et l\u2019accompagner \u00bb.<\/p>\n<p class=\"fs-5 \">L\u2019assistante ophtalmologue revendique son ancrage ven\u00e7ois et son ind\u00e9pendance. \u00ab La vie locale d\u00e9passe les clivages \u00bb, dit-elle apr\u00e8s avoir quitt\u00e9 le Rassemblement national en 2019 \u00ab avec lequel je ne partageais plus la m\u00eame vision au niveau national \u00bb.<\/p>\n<p class=\"fs-5 \">Localement, le mandat \u00e9coul\u00e9 a souffert d\u2019un manque d\u2019\u00e9coute et de transparence estime Catherine Yot : \u00ab Le citoyen ven\u00e7ois n\u2019est pas r\u00e9ellement inform\u00e9, il doit reprendre sa place dans la maison commune, les quartiers sont oubli\u00e9s. \u00bb<\/p>\n<p class=\"fs-5 \">\u00c9lue, elle engagerait un audit des projets municipaux dans les cent premiers jours avec en ligne de mire l\u2019\u00eelot 2 du projet Chagall : \u00ab Je m\u2019y suis oppos\u00e9e d\u00e8s 2014, la situation est pr\u00e9occupante sur le plan juridique et financier. \u00bb Son premier acte consisterait \u00e0 \u00ab r\u00e9unir tous les acteurs concern\u00e9s sans exclure aucune option : contentieux, compromis ou transformation du projet, je consulterai les Ven\u00e7ois \u00bb.<\/p>\n<p>                                                                                \u00ab L\u2019hiver, on va plut\u00f4t \u00e0 la neige \u00bb<\/p>\n<p class=\"fs-5 \">Catherine Yot est tr\u00e8s critique sur le projet de couverture de la piscine : \u00ab A-t-on besoin d\u2019une piscine \u00e0 8 millions ? \u00c0 mon avis non, et l\u2019hiver on va plut\u00f4t \u00e0 la neige. \u00bb Elle d\u00e9fend une r\u00e9novation \u00ab plus pragmatique et modeste, estivale, familiale, conviviale, estim\u00e9e \u00e0 2 millions d\u2019euros. \u00bb<\/p>\n<p class=\"fs-5 \">Sur le projet de halles gourmandes retard\u00e9 par une d\u00e9couverte arch\u00e9ologique, elle plaide en faveur d\u2019une \u00e9tude avec la direction r\u00e9gionale des Affaires culturelles doubl\u00e9e d\u2019une consultation des commer\u00e7ants. \u00ab Personnellement, je n\u2019irai pas faire mes courses au-dessus de \u00e7a \u00bb, grince-t-elle.<\/p>\n<p class=\"fs-5 \">La candidate dresse un constat s\u00e9v\u00e8re sur la propret\u00e9, les incivilit\u00e9s, la circulation et le stationnement. Sans oublier \u00ab la s\u00e9curit\u00e9, un sujet \u00e9videmment essentiel. \u00bb Elle veut une \u00e9tude de circulation et l\u2019am\u00e9nagement de parkings relais \u00ab Ce n\u2019est pas par quartier qu\u2019il faut r\u00e9fl\u00e9chir, mais avec une vision de la ville par le haut. \u00bb<\/p>\n<p>                                                                                \u00ab Je pr\u00e9f\u00e8re perdre que fusionner \u00bb<\/p>\n<p class=\"fs-5 \">Concernant les navettes gratuites, Catherine Yot appelle \u00e0 \u00ab ma\u00eetriser les finances, rien n\u2019est gratuit \u00bb et privil\u00e9gie un \u00ab passeport sur l\u2019ensemble des services, modul\u00e9 selon les revenus. \u00bb Sur le logement social, elle d\u00e9nonce une approche stigmatisante, citant le remplacement des portes d\u2019immeubles par des mod\u00e8les identifiables, et pr\u00f4ne une action sur l\u2019existant avec la modulation des hauteurs et les dispositifs d\u2019aide. \u00ab Ce sont des logements, point. Arr\u00eatons d\u2019\u00e9tiqueter les gens. \u00bb<\/p>\n<p class=\"fs-5 \">Enfin elle \u00e9voque les d\u00e9bats sur la M\u00e9tropole : \u00ab il est impossible d\u2019en sortir depuis 2023, je travaillerai donc avec son futur pr\u00e9sident sans \u00e9tat d\u2019\u00e2me mais vigilante sur les contreparties \u00bb. Et prend un engagement : \u00ab Il n\u2019y aura pas de fusion entre les deux tours de scrutin. Je pr\u00e9f\u00e8re perdre que fusionner. \u00bb<\/p>\n","protected":false},"excerpt":{"rendered":"Par Bruno Bernard \/ cagnes-sur-mer@nicematin.fr Et de cinq ! Apr\u00e8s Anne Sattonnet (LR\/Nouvelle \u00c9nergie), Patrick Scalzo (SE), Jean-Louis&hellip;\n","protected":false},"author":2,"featured_media":621930,"comment_status":"","ping_status":"","sticky":false,"template":"","format":"standard","meta":{"footnotes":""},"categories":[2819],"tags":[1111,11,1777,674,1011,27,12,2401,882,25],"class_list":{"0":"post-621929","1":"post","2":"type-post","3":"status-publish","4":"format-standard","5":"has-post-thumbnail","7":"category-nice","8":"tag-actu","9":"tag-actualites","10":"tag-eu","11":"tag-europe","12":"tag-fr","13":"tag-france","14":"tag-news","15":"tag-nice","16":"tag-provence-alpes-cote-dazur","17":"tag-republique-francaise"},"share_on_mastodon":{"url":"https:\/\/pubeurope.com\/@fr\/115781437092033931","error":""},"_links":{"self":[{"href":"https:\/\/www.europesays.com\/fr\/wp-json\/wp\/v2\/posts\/621929","targetHints":{"allow":["GET"]}}],"collection":[{"href":"https:\/\/www.europesays.com\/fr\/wp-json\/wp\/v2\/posts"}],"about":[{"href":"https:\/\/www.europesays.com\/fr\/wp-json\/wp\/v2\/types\/post"}],"author":[{"embeddable":true,"href":"https:\/\/www.europesays.com\/fr\/wp-json\/wp\/v2\/users\/2"}],"replies":[{"embeddable":true,"href":"https:\/\/www.europesays.com\/fr\/wp-json\/wp\/v2\/comments?post=621929"}],"version-history":[{"count":0,"href":"https:\/\/www.europesays.com\/fr\/wp-json\/wp\/v2\/posts\/621929\/revisions"}],"wp:featuredmedia":[{"embeddable":true,"href":"https:\/\/www.europesays.com\/fr\/wp-json\/wp\/v2\/media\/621930"}],"wp:attachment":[{"href":"https:\/\/www.europesays.com\/fr\/wp-json\/wp\/v2\/media?parent=621929"}],"wp:term":[{"taxonomy":"category","embeddable":true,"href":"https:\/\/www.europesays.com\/fr\/wp-json\/wp\/v2\/categories?post=621929"},{"taxonomy":"post_tag","embeddable":true,"href":"https:\/\/www.europesays.com\/fr\/wp-json\/wp\/v2\/tags?post=621929"}],"curies":[{"name":"wp","href":"https:\/\/api.w.org\/{rel}","templated":true}]}}