{"id":621931,"date":"2025-12-25T17:41:16","date_gmt":"2025-12-25T17:41:16","guid":{"rendered":"https:\/\/www.europesays.com\/fr\/621931\/"},"modified":"2025-12-25T17:41:16","modified_gmt":"2025-12-25T17:41:16","slug":"nice-vise-un-joueur-a-50-me","status":"publish","type":"post","link":"https:\/\/www.europesays.com\/fr\/621931\/","title":{"rendered":"Nice vise un joueur \u00e0 50 ME"},"content":{"rendered":"<p><b>Tomb\u00e9 dans les bas-fonds du classement en Ligue 1, Nice souffre surtout sur le plan d\u00e9fensif. Les Aiglons ont besoin d&rsquo;un taulier en charni\u00e8re centrale. En \u00e9chec \u00e0 Manchester City, l&rsquo;ancien lensois Abdukodir Khusanov fait parfaitement l&rsquo;affaire.<\/b><\/p>\n<p>Passer de la lutte pour le podium \u00e0 celle pour le maintien en moins de deux mois, c&rsquo;est le triste exploit r\u00e9alis\u00e9 par l&rsquo;<a href=\"https:\/\/www.foot01.com\/nice\" target=\"_self\" rel=\"noopener\">OGC Nice<\/a>. Le Gym paye bien s\u00fbr le climat d&rsquo;instabilit\u00e9 autour du club, entre un organigramme changeant et les tensions accrues avec les ultras. Mais, la principale raison de cette situation reste le niveau faible de l&rsquo;effectif ni\u00e7ois. Le <a href=\"https:\/\/www.foot01.com\/mercato\" title=\"Mercato\" target=\"_blank\" rel=\"noopener\">mercato<\/a> estival a \u00e9t\u00e9 totalement rat\u00e9 avec les d\u00e9parts de cadres majeurs (Guessand, Bulka, Bouanani, Laborde) et des arriv\u00e9es peu convaincantes. La d\u00e9fense souffre tout particuli\u00e8rement.Nice tente le bon coup Khusanov<\/p>\n<p>Avec 29 buts conc\u00e9d\u00e9s en 16 journ\u00e9es, Nice affiche le 16e bilan de Ligue 1 \u00e0 \u00e9galit\u00e9 avec le Paris FC. Seul Metz fait pire pour le moment. La faute \u00e0 un duo Bah-Oppong extr\u00eamement f\u00e9brile ainsi qu&rsquo;aux nombreuses blessures. Les Aiglons doivent faire sans Ndayishimiye, Abdelmonem et Bombito depuis plusieurs mois. Recruter dans ce secteur en janvier est une obligation. Selon le site Media Sportif, l&rsquo;OGCN a un joueur dans le viseur et il conna\u00eet la Ligue 1 : Abdukodir Khusanov.<\/p>\n<p>R\u00e9v\u00e9l\u00e9 \u00e0 Lens, l&rsquo;Ouzbek a \u00e9t\u00e9 vendu pour 50 millions d&rsquo;euros \u00e0 Manchester City il y a un an. Cependant, il n&rsquo;arrive pas \u00e0 s&rsquo;imposer chez les Citizens. Il n&rsquo;a \u00e9t\u00e9 titularis\u00e9 que 3 fois en Premier League cette saison. Nice entend obtenir son pr\u00eat cet hiver. Le d\u00e9fenseur de 21 ans retrouverait son ancien entra\u00eeneur \u00e0 Lens Franck Haise. N\u00e9anmoins, le Gym doit affronter les Lensois dans ce dossier. Les Sang et Or veulent faire revenir Khusanov apr\u00e8s la grave blessure de Gradit. Une belle opportunit\u00e9 se pr\u00e9sente pour les deux clubs. L&rsquo;Ouzbek doit encha\u00eener les matchs pour \u00eatre performant au prochain Mondial.<\/p>\n<p><img decoding=\"async\" src=\"https:\/\/www.europesays.com\/fr\/wp-content\/uploads\/2025\/12\/37623459.png\" alt=\"A. Khusanov\" class=\"w-16 h-16 object-cover rounded-full\"\/><\/p>\n<p>A. Khusanov<\/p>\n<p><img decoding=\"async\" src=\"https:\/\/www.europesays.com\/fr\/wp-content\/uploads\/2025\/12\/uz.png\" alt=\"Uzbekistan\" class=\"w-6 h-4 object-cover\"\/>Ouzb\u00e9kistan \u2022 \u00c2ge 21 \u2022 D\u00e9fenseur<\/p>\n","protected":false},"excerpt":{"rendered":"Tomb\u00e9 dans les bas-fonds du classement en Ligue 1, Nice souffre surtout sur le plan d\u00e9fensif. Les Aiglons&hellip;\n","protected":false},"author":2,"featured_media":621932,"comment_status":"","ping_status":"","sticky":false,"template":"","format":"standard","meta":{"footnotes":""},"categories":[2819],"tags":[1111,11,1777,674,1011,27,1434,12,2401,2268,882,25],"class_list":{"0":"post-621931","1":"post","2":"type-post","3":"status-publish","4":"format-standard","5":"has-post-thumbnail","7":"category-nice","8":"tag-actu","9":"tag-actualites","10":"tag-eu","11":"tag-europe","12":"tag-fr","13":"tag-france","14":"tag-mercato","15":"tag-news","16":"tag-nice","17":"tag-ogc-nice","18":"tag-provence-alpes-cote-dazur","19":"tag-republique-francaise"},"share_on_mastodon":{"url":"https:\/\/pubeurope.com\/@fr\/115781441827711637","error":""},"_links":{"self":[{"href":"https:\/\/www.europesays.com\/fr\/wp-json\/wp\/v2\/posts\/621931","targetHints":{"allow":["GET"]}}],"collection":[{"href":"https:\/\/www.europesays.com\/fr\/wp-json\/wp\/v2\/posts"}],"about":[{"href":"https:\/\/www.europesays.com\/fr\/wp-json\/wp\/v2\/types\/post"}],"author":[{"embeddable":true,"href":"https:\/\/www.europesays.com\/fr\/wp-json\/wp\/v2\/users\/2"}],"replies":[{"embeddable":true,"href":"https:\/\/www.europesays.com\/fr\/wp-json\/wp\/v2\/comments?post=621931"}],"version-history":[{"count":0,"href":"https:\/\/www.europesays.com\/fr\/wp-json\/wp\/v2\/posts\/621931\/revisions"}],"wp:featuredmedia":[{"embeddable":true,"href":"https:\/\/www.europesays.com\/fr\/wp-json\/wp\/v2\/media\/621932"}],"wp:attachment":[{"href":"https:\/\/www.europesays.com\/fr\/wp-json\/wp\/v2\/media?parent=621931"}],"wp:term":[{"taxonomy":"category","embeddable":true,"href":"https:\/\/www.europesays.com\/fr\/wp-json\/wp\/v2\/categories?post=621931"},{"taxonomy":"post_tag","embeddable":true,"href":"https:\/\/www.europesays.com\/fr\/wp-json\/wp\/v2\/tags?post=621931"}],"curies":[{"name":"wp","href":"https:\/\/api.w.org\/{rel}","templated":true}]}}