{"id":621941,"date":"2025-12-25T17:46:12","date_gmt":"2025-12-25T17:46:12","guid":{"rendered":"https:\/\/www.europesays.com\/fr\/621941\/"},"modified":"2025-12-25T17:46:12","modified_gmt":"2025-12-25T17:46:12","slug":"reportage-grippe-je-ne-suis-pas-vaccine-car-je-suis-bete-les-pharmacies-toulousaines-prises-dassaut-avant-les-fetes","status":"publish","type":"post","link":"https:\/\/www.europesays.com\/fr\/621941\/","title":{"rendered":"REPORTAGE. Grippe : \u00ab\u00a0Je ne suis pas vaccin\u00e9 car je suis b\u00eate\u00a0\u00bb\u2026 Les pharmacies toulousaines prises d\u2019assaut avant les f\u00eates"},"content":{"rendered":"<p>\n                                                                    l&rsquo;essentiel<br \/>\n                                                                La grippe s\u00e9vit \u00e0 Toulouse, exacerb\u00e9e par le variant \u00ab\u00a0K\u00a0\u00bb tr\u00e8s contagieux. Les pharmacies de la Ville rose peinent parfois \u00e0 r\u00e9pondre \u00e0 la demande de vaccins et redoutent une acc\u00e9l\u00e9ration de l&rsquo;\u00e9pid\u00e9mie avec les f\u00eates de fin d&rsquo;ann\u00e9e.\n                            <\/p>\n<p>\u00ab\u00a0Vous pourrez venir 15 minutes avant, au cas o\u00f9 quelqu\u2019un se d\u00e9siste&#8230; Parce que certains s&rsquo;imaginent que nous fonctionnons en libre-service ici.\u00a0\u00bb\u00a0Cette exasp\u00e9ration est celle d\u2019une pharmacienne de la p\u00e9riph\u00e9rie toulousaine. Elle traduit autant le manque de consid\u00e9ration de certaines personnes qui n\u2019honorent pas leur rendez-vous, que l\u2019attente et la patience dont il faut faire preuve pour se faire vacciner contre le virus de la grippe.<\/p>\n<p class=\"std-elt__inline\">\n        <strong>\u00c0 lire aussi :<\/strong><br \/>\n        <a href=\"https:\/\/www.ladepeche.fr\/2025\/12\/21\/grippe-le-pic-de-lepidemie-devrait-arriver-pour-noel-il-est-encore-temps-de-se-faire-vacciner-13124573.php\" target=\"_blank\" rel=\"noopener\">Grippe\u00a0: le pic de l\u2019\u00e9pid\u00e9mie devrait arriver pour No\u00ebl, il est encore temps de se faire vacciner<\/a>\n    <\/p>\n<p>En cette p\u00e9riode des f\u00eates de fin d\u2019ann\u00e9e, les consultations de derni\u00e8re minute s&rsquo;apparentent d\u00e9sormais \u00e0 une denr\u00e9e rare, les files d\u2019attente s\u2019allongent devant SOS M\u00e9decins et les vaccinations s\u2019encha\u00eenent dans les <a href=\"https:\/\/www.ladepeche.fr\/2025\/12\/19\/face-aux-virus-de-lhiver-le-chu-de-toulouse-impose-a-nouveau-le-port-du-masque-sur-tous-ses-sites-hospitaliers-13121347.php\" target=\"_blank\" rel=\"noopener\">pharmacies toulousaines<\/a>. \u00c0 tel point que certaines d\u2019entre elles se retrouvent parfois les mains vides. \u00ab\u00a0C\u2019\u00e9tait notre cas il y a 15 jours, on \u00e9tait en p\u00e9nurie, t\u00e9moigne Valentine, pharmacienne dans le quartier des Ar\u00e8nes. Il y a de plus en plus de cas diagnostiqu\u00e9s, donc les gens s\u2019affolent et veulent se faire vacciner avant les f\u00eates.\u00a0\u00bb<\/p>\n<p class=\"std-elt__inline\">\n        <strong>\u00c0 lire aussi :<\/strong><br \/>\n        <a href=\"https:\/\/www.ladepeche.fr\/2025\/12\/19\/face-aux-virus-de-lhiver-le-chu-de-toulouse-impose-a-nouveau-le-port-du-masque-sur-tous-ses-sites-hospitaliers-13121347.php\" target=\"_blank\" rel=\"noopener\">Face aux virus de l\u2019hiver, le CHU de Toulouse impose \u00e0 nouveau le port du masque sur tous ses sites hospitaliers<\/a>\n    <\/p>\n<p>\u00ab\u00a0Il est clou\u00e9 au lit\u00a0\u00bb<\/p>\n<p>Dans une pharmacie du centre-ville toulousain, beaucoup de personnes se pressent. Les masques ne sont pas forc\u00e9ment de rigueur \u2013 comme si les mots \u00ab\u00a0gestes barri\u00e8res\u00a0\u00bb avaient traumatis\u00e9 toute une population et \u00e9voquaient des souvenirs trop douloureux \u2013 les toux sont grasses et les malades nombreux. Comme Julien, dont la petite amie est venue chercher des m\u00e9dicaments. \u00ab\u00a0Il est clou\u00e9 au lit depuis deux jours et ne peut pas bouger, donc c\u2019est moi qui m\u2019y colle.\u00a0\u00bb Ici, impossible de se faire vacciner. \u00ab\u00a0Aujourd\u2019hui, nous n\u2019avons plus de <a href=\"https:\/\/www.ladepeche.fr\/2025\/12\/23\/grippe-saisonniere-est-ce-trop-tard-pour-se-faire-vacciner-contre-le-virus-13126103.php\" target=\"_blank\" rel=\"noopener\">vaccins<\/a> en stock, on a utilis\u00e9 les derniers au d\u00e9but de la semaine\u00a0\u00bb, t\u00e9moigne Emeline, la responsable.<\/p>\n<p class=\"std-elt__inline\">\n        <strong>\u00c0 lire aussi :<\/strong><br \/>\n        <a href=\"https:\/\/www.ladepeche.fr\/2025\/12\/24\/entretien-grippe-nouveau-variant-echappement-immunitaire-pourquoi-lepidemie-sannonce-severe-cette-annee-13127681.php\" target=\"_blank\" rel=\"noopener\">ENTRETIEN. Grippe\u00a0: nouveau variant, \u00e9chappement immunitaire\u2026 pourquoi l\u2019\u00e9pid\u00e9mie s\u2019annonce s\u00e9v\u00e8re cette ann\u00e9e<\/a>\n    <\/p>\n<p>La grippe fait donc des ravages en Occitanie. En cause, notamment, <a href=\"https:\/\/www.ladepeche.fr\/2025\/12\/16\/un-defi-inedit-depuis-le-covid-19-comment-la-super-grippe-et-son-variant-k-font-trembler-les-hopitaux-13112103.php\" target=\"_blank\" rel=\"noopener\">le nouveau variant \u00ab\u00a0K\u00a0\u00bb<\/a>, particuli\u00e8rement agressif et contagieux. Mathias ne sait pas si ce dernier l\u2019a infect\u00e9, mais ce jeune professeur est bel et bien malade. \u00ab\u00a0C\u2019est vraiment p\u00e9nible pour ne pas dire un autre mot, d\u2019autant plus que je crois savoir comment je l\u2019ai attrap\u00e9. En plus je ne suis pas vaccin\u00e9 car je suis b\u00eate. Je suis tr\u00e8s fatigu\u00e9 (il tousse). Ma premi\u00e8re semaine de vacances est morte, No\u00ebl aussi\u00a0\u00bb, nous confiait-t-il mardi en sortant d\u2019un rendez-vous chez SOS M\u00e9decins.<\/p>\n<p class=\"std-elt__inline\">\n        <strong>\u00c0 lire aussi :<\/strong><br \/>\n        <a href=\"https:\/\/www.ladepeche.fr\/2025\/12\/23\/grippe-saisonniere-est-ce-trop-tard-pour-se-faire-vacciner-contre-le-virus-13126103.php\" target=\"_blank\" rel=\"noopener\">Grippe saisonni\u00e8re\u00a0: est-ce trop tard pour se faire vacciner contre le virus\u00a0?<\/a>\n    <\/p>\n<p>Prise de conscience<\/p>\n<p>Lorsque l\u2019on entre dans la salle d\u2019attente, peu de patients mais un m\u00e9decin qui para\u00eet tr\u00e8s press\u00e9. Il consulte son t\u00e9l\u00e9phone o\u00f9 s&rsquo;\u00e9gr\u00e8ne une liste de consultations interminable. \u00ab\u00a0On est d\u00e9bord\u00e9 en ce moment, notamment par la grippe, \u00e7a n\u2019arr\u00eate pas\u00a0\u00bb, l\u00e2che-t-il, avant d\u2019appeler un homme qui vient d\u2019arriver et d\u2019encha\u00eener sur une nouvelle consultation. L\u2019objectif : pouvoir soigner et conseiller un maximum de personnes avant les rassemblements familiaux.<\/p>\n<p class=\"std-elt__inline\">\n        <strong>\u00c0 lire aussi :<\/strong><br \/>\n        <a href=\"https:\/\/www.ladepeche.fr\/2025\/12\/25\/grippe-saisonniere-toux-fievre-le-froid-aggrave-t-il-la-maladie-et-ses-symptomes-13129467.php\" target=\"_blank\" rel=\"noopener\">Grippe saisonni\u00e8re\u00a0: toux, fi\u00e8vre\u2026 le froid aggrave-t-il la maladie et ses sympt\u00f4mes\u00a0?<\/a>\n    <\/p>\n<p>Ces regroupements inqui\u00e8tent les autorit\u00e9s sanitaires puisqu&rsquo;ils pourraient souffler sur les braises d\u2019une \u00e9pid\u00e9mie d\u00e9j\u00e0 bien entam\u00e9e et acc\u00e9l\u00e9rer le pic de contamination attendu dans les prochains jours. \u00ab\u00a0Beaucoup de personnes ont voulu se faire vacciner pour les f\u00eates, mais la p\u00e9riode d\u2019incubation est de 15 jours, ajoute Emeline. Il leur a \u00e9t\u00e9 pr\u00e9cis\u00e9 que le processus immunitaire diff\u00e9rait de leurs attentes, mais que c\u2019\u00e9tait bien d\u2019avoir eu le r\u00e9flexe de venir se faire vacciner.\u00a0\u00bb Mieux vaut tard que jamais car la grippe devrait continuer de frapper apr\u00e8s le 1er janvier.<\/p>\n","protected":false},"excerpt":{"rendered":"l&rsquo;essentiel La grippe s\u00e9vit \u00e0 Toulouse, exacerb\u00e9e par le variant \u00ab\u00a0K\u00a0\u00bb tr\u00e8s contagieux. Les pharmacies de la Ville&hellip;\n","protected":false},"author":2,"featured_media":621942,"comment_status":"","ping_status":"","sticky":false,"template":"","format":"standard","meta":{"footnotes":""},"categories":[2816],"tags":[1111,11,1777,674,1011,27,71516,2722,12,2680,25,8755,2312],"class_list":{"0":"post-621941","1":"post","2":"type-post","3":"status-publish","4":"format-standard","5":"has-post-thumbnail","7":"category-toulouse","8":"tag-actu","9":"tag-actualites","10":"tag-eu","11":"tag-europe","12":"tag-fr","13":"tag-france","14":"tag-grippe-saisonniu00e8re","15":"tag-haute-garonne","16":"tag-news","17":"tag-occitanie","18":"tag-republique-francaise","19":"tag-santu00e9","20":"tag-toulouse"},"share_on_mastodon":{"url":"https:\/\/pubeurope.com\/@fr\/115781460816689983","error":""},"_links":{"self":[{"href":"https:\/\/www.europesays.com\/fr\/wp-json\/wp\/v2\/posts\/621941","targetHints":{"allow":["GET"]}}],"collection":[{"href":"https:\/\/www.europesays.com\/fr\/wp-json\/wp\/v2\/posts"}],"about":[{"href":"https:\/\/www.europesays.com\/fr\/wp-json\/wp\/v2\/types\/post"}],"author":[{"embeddable":true,"href":"https:\/\/www.europesays.com\/fr\/wp-json\/wp\/v2\/users\/2"}],"replies":[{"embeddable":true,"href":"https:\/\/www.europesays.com\/fr\/wp-json\/wp\/v2\/comments?post=621941"}],"version-history":[{"count":0,"href":"https:\/\/www.europesays.com\/fr\/wp-json\/wp\/v2\/posts\/621941\/revisions"}],"wp:featuredmedia":[{"embeddable":true,"href":"https:\/\/www.europesays.com\/fr\/wp-json\/wp\/v2\/media\/621942"}],"wp:attachment":[{"href":"https:\/\/www.europesays.com\/fr\/wp-json\/wp\/v2\/media?parent=621941"}],"wp:term":[{"taxonomy":"category","embeddable":true,"href":"https:\/\/www.europesays.com\/fr\/wp-json\/wp\/v2\/categories?post=621941"},{"taxonomy":"post_tag","embeddable":true,"href":"https:\/\/www.europesays.com\/fr\/wp-json\/wp\/v2\/tags?post=621941"}],"curies":[{"name":"wp","href":"https:\/\/api.w.org\/{rel}","templated":true}]}}