{"id":621945,"date":"2025-12-25T17:48:12","date_gmt":"2025-12-25T17:48:12","guid":{"rendered":"https:\/\/www.europesays.com\/fr\/621945\/"},"modified":"2025-12-25T17:48:12","modified_gmt":"2025-12-25T17:48:12","slug":"hinaupoko-deveze-miss-france-2026-sera-bientot-dans-ce-grand-centre-commercial-de-la-metropole-de-lille","status":"publish","type":"post","link":"https:\/\/www.europesays.com\/fr\/621945\/","title":{"rendered":"Hinaupoko Dev\u00e8ze, Miss France 2026, sera bient\u00f4t dans ce grand centre commercial de la m\u00e9tropole de Lille"},"content":{"rendered":"<p>                    Par<br \/>\n        <strong><br \/>\n            <a href=\"https:\/\/actu.fr\/auteur\/nicolas-demollien\" title=\"Consulter tous les articles de Nicolas Demollien\" target=\"_blank\" rel=\"noopener\">Nicolas Demollien<\/a><br \/>\n                    <\/strong><\/p>\n<p>        Publi\u00e9 le<\/p>\n<p>            25 d\u00e9c. 2025 \u00e0 17h30        <\/p>\n<p>Il devrait y avoir du monde chez <b>Aushopping<\/b> <a href=\"https:\/\/actu.fr\/hauts-de-france\/englos_59195\" target=\"_blank\" rel=\"noopener\">Englos<\/a> samedi 3\u00a0janvier 2026\u2009! Le<b> grand centre commercial<\/b> de la m\u00e9tropole de <a href=\"https:\/\/actu.fr\/hauts-de-france\/lille_59350\" target=\"_blank\" rel=\"noopener\">Lille<\/a> (Nord) re\u00e7oit en effet une <b>invit\u00e9e de marque<\/b>\u2009: <a href=\"https:\/\/actu.fr\/loisirs-culture\/miss-tahiti-rihanna-burn-out-qui-est-hinaupoko-deveze-la-nouvelle-miss-france-2026_63541853.html\" target=\"_blank\" rel=\"noopener\">Hinaupoko Dev\u00e8ze<\/a>, notre nouvelle <a href=\"https:\/\/actu.fr\/tag\/miss-france\" target=\"_blank\" rel=\"noopener\">Miss France<\/a> 2026. D\u00e9tails.<\/p>\n<p>Rencontrez Hinaupoko Dev\u00e8ze, Miss France 2026, chez Aushopping Englos<\/p>\n<p data-end=\"578\" class=\" wall-content\">Originaire de Tahiti, Hinaupoko Dev\u00e8ze va incarner durant une ann\u00e9e l\u2019\u00e9l\u00e9gance, la richesse culturelle et les valeurs de la femme fran\u00e7aise moderne. Sacr\u00e9e Miss Tahiti le 28\u00a0juin 2025, elle a \u00e9t\u00e9 <a href=\"https:\/\/actu.fr\/loisirs-culture\/miss-france-2026-hinaupoko-deveze-miss-tahiti-remporte-la-couronne-et-succede-a-angelique-angarni-filopon_63541737.html\" target=\"_blank\" rel=\"noopener\">couronn\u00e9e Miss France 2026 le 6\u00a0d\u00e9cembre dernier<\/a>.<\/p>\n<p data-end=\"769\" class=\" wall-content\">\u00c0 Englos, une occasion unique de la rencontrer s\u2019offre \u00e0 vous le samedi 3\u00a0janvier 2026, de 14\u2009h\u200930 \u00e0 17\u2009h. Vous la retrouverez sur la place des animations, face \u00e0 la boutique de l\u2019enseigne Zara.<\/p>\n<p data-end=\"1112\" class=\" wall-content\">Au programme\u2009: \u00e9changes, s\u00e9ance de d\u00e9dicaces et photo souvenir pour immortaliser ce moment privil\u00e9gi\u00e9 en famille ou entre amis.<\/p>\n<p>    <a href=\"https:\/\/www.facebook.com\/plugins\/post.php?href=https%3A%2F%2Fwww.facebook.com%2FMissfrance.fr%2Fposts%2Fpfbid022ybNK9xHct9HTm9Am2whtPgB73hyhCKeTBUNWJHUMqB6bje17wBGvSCdbk5UtEqNl&amp;show_text=true&amp;width=350\" title=\"Ouvrie le lien\" target=\"_blank\" rel=\"noopener\">Cliquez ici pour visualiser le contenu<\/a><\/p>\n<p data-end=\"1112\" class=\" wall-content\">Plus d\u2019infos sur le site <a href=\"https:\/\/englos.aushopping.com\/actualites\/rencontrez-miss-france-2026\" target=\"_blank\" rel=\"noopener\">englos.aushopping.com<\/a>.<\/p>\n<p class=\" wall-content\">Personnalisez votre actualit\u00e9 en ajoutant vos villes et m\u00e9dias en favori avec <a href=\"https:\/\/moncompte.actu.fr\" title=\"D\u00e9couvez Mon Actu\" rel=\"nofollow noopener\" data-trk=\"{&quot;cta&quot;:{&quot;action&quot;:&quot;https:\\\/\\\/moncompte.actu.fr&quot;,&quot;category&quot;:&quot;mon compte&quot;,&quot;from&quot;:&quot;article footer&quot;,&quot;name&quot;:&quot;Mon actu&quot;,&quot;type&quot;:&quot;cta&quot;}}\" target=\"_blank\">Mon Actu<\/a>.<\/p>\n","protected":false},"excerpt":{"rendered":"Par Nicolas Demollien Publi\u00e9 le 25 d\u00e9c. 2025 \u00e0 17h30 Il devrait y avoir du monde chez Aushopping&hellip;\n","protected":false},"author":2,"featured_media":621946,"comment_status":"","ping_status":"","sticky":false,"template":"","format":"standard","meta":{"footnotes":""},"categories":[2815],"tags":[1111,11,1777,674,1011,27,811,1307,1652,3034,12,25],"class_list":{"0":"post-621945","1":"post","2":"type-post","3":"status-publish","4":"format-standard","5":"has-post-thumbnail","7":"category-lille","8":"tag-actu","9":"tag-actualites","10":"tag-eu","11":"tag-europe","12":"tag-fr","13":"tag-france","14":"tag-hauts-de-france","15":"tag-lille","16":"tag-loisirs-culture","17":"tag-miss-france","18":"tag-news","19":"tag-republique-francaise"},"share_on_mastodon":{"url":"https:\/\/pubeurope.com\/@fr\/115781468436200023","error":""},"_links":{"self":[{"href":"https:\/\/www.europesays.com\/fr\/wp-json\/wp\/v2\/posts\/621945","targetHints":{"allow":["GET"]}}],"collection":[{"href":"https:\/\/www.europesays.com\/fr\/wp-json\/wp\/v2\/posts"}],"about":[{"href":"https:\/\/www.europesays.com\/fr\/wp-json\/wp\/v2\/types\/post"}],"author":[{"embeddable":true,"href":"https:\/\/www.europesays.com\/fr\/wp-json\/wp\/v2\/users\/2"}],"replies":[{"embeddable":true,"href":"https:\/\/www.europesays.com\/fr\/wp-json\/wp\/v2\/comments?post=621945"}],"version-history":[{"count":0,"href":"https:\/\/www.europesays.com\/fr\/wp-json\/wp\/v2\/posts\/621945\/revisions"}],"wp:featuredmedia":[{"embeddable":true,"href":"https:\/\/www.europesays.com\/fr\/wp-json\/wp\/v2\/media\/621946"}],"wp:attachment":[{"href":"https:\/\/www.europesays.com\/fr\/wp-json\/wp\/v2\/media?parent=621945"}],"wp:term":[{"taxonomy":"category","embeddable":true,"href":"https:\/\/www.europesays.com\/fr\/wp-json\/wp\/v2\/categories?post=621945"},{"taxonomy":"post_tag","embeddable":true,"href":"https:\/\/www.europesays.com\/fr\/wp-json\/wp\/v2\/tags?post=621945"}],"curies":[{"name":"wp","href":"https:\/\/api.w.org\/{rel}","templated":true}]}}