{"id":62195,"date":"2025-04-29T16:16:08","date_gmt":"2025-04-29T16:16:08","guid":{"rendered":"https:\/\/www.europesays.com\/fr\/62195\/"},"modified":"2025-04-29T16:16:08","modified_gmt":"2025-04-29T16:16:08","slug":"un-grand-tournoi-de-beach-volley-feminin-organise-a-lyon","status":"publish","type":"post","link":"https:\/\/www.europesays.com\/fr\/62195\/","title":{"rendered":"Un grand tournoi de beach-volley f\u00e9minin organis\u00e9 \u00e0 Lyon"},"content":{"rendered":"<p itemprop=\"description\"><strong>Le rendez-vous est donn\u00e9 ce week-end dans le 4e arrondissement.<\/strong><\/p>\n<p>Les meilleures \u00e9quipes f\u00e9minines fran\u00e7aises sont attendues ce samedi 3 et ce dimanche 4 mai \u00e0 Lyon \u00e0 l\u2019occasion du Only Beach Open. Ce tournoi national de beach-volley f\u00e9minin est organis\u00e9 par le club lyonnais Only Beach. Il est l\u2019une des dix comp\u00e9titions les plus importantes sur le circuit fran\u00e7ais.\u00a0<\/p>\n<p>Ce sont en tout 24 \u00e9quipes de tout le pays qui sont attendues ce week-end avec des repr\u00e9sentantes de Monaco, de l\u2019\u00cele de R\u00e9, de Toulouse, de Lille, de Dijon, de Toulon, de Bordeaux, de Montpellier, de Paris, de Nice, de Quimper, de Nantes et bien s\u00fbr de Lyon.<\/p>\n<p>Le tournoi se d\u00e9roulera au Complexe Gr\u00e9gory Coupet dans le 4e arrondissement de la capitale des Gaules o\u00f9 trois nouveaux terrains de beach-volley ont \u00e9t\u00e9 inaugur\u00e9s en septembre dernier par la municipalit\u00e9 lyonnaise faisant suite au succ\u00e8s rencontr\u00e9 par la discipline lors des Jeux Olympiques et Paralympiques de Paris 2024.<\/p>\n<p>Les qualifications se d\u00e9rouleront sur la journ\u00e9e de samedi tandis que les quarts de finale, les demi-finales et la finale auront lieu dimanche. Un village d\u2019animations sera \u00e9galement install\u00e9 sur place pour les petits et les plus grands.<\/p>\n","protected":false},"excerpt":{"rendered":"Le rendez-vous est donn\u00e9 ce week-end dans le 4e arrondissement. Les meilleures \u00e9quipes f\u00e9minines fran\u00e7aises sont attendues ce&hellip;\n","protected":false},"author":2,"featured_media":62196,"comment_status":"","ping_status":"","sticky":false,"template":"","format":"standard","meta":{"footnotes":""},"categories":[1417],"tags":[1111,11,2813,2190,1109,251,1112,2811,118,1294,4651,1011,27,1922,1110,1114,2428,4903,4902,241,316,2812,517,60,800,1470,1469],"class_list":{"0":"post-62195","1":"post","2":"type-post","3":"status-publish","4":"format-standard","5":"has-post-thumbnail","7":"category-volley","8":"tag-actu","9":"tag-actualites","10":"tag-article","11":"tag-asvel","12":"tag-breves","13":"tag-culture","14":"tag-depeches","15":"tag-economique","16":"tag-faits-divers","17":"tag-femme","18":"tag-femmes","19":"tag-fr","20":"tag-france","21":"tag-info","22":"tag-informations","23":"tag-infos","24":"tag-lyon","25":"tag-lyonfemme","26":"tag-lyonfemmes","27":"tag-ol","28":"tag-politique","29":"tag-sociale","30":"tag-sport","31":"tag-sports","32":"tag-transports","33":"tag-volley","34":"tag-volleyball"},"share_on_mastodon":{"url":"https:\/\/pubeurope.com\/@fr\/114422152144664036","error":""},"_links":{"self":[{"href":"https:\/\/www.europesays.com\/fr\/wp-json\/wp\/v2\/posts\/62195","targetHints":{"allow":["GET"]}}],"collection":[{"href":"https:\/\/www.europesays.com\/fr\/wp-json\/wp\/v2\/posts"}],"about":[{"href":"https:\/\/www.europesays.com\/fr\/wp-json\/wp\/v2\/types\/post"}],"author":[{"embeddable":true,"href":"https:\/\/www.europesays.com\/fr\/wp-json\/wp\/v2\/users\/2"}],"replies":[{"embeddable":true,"href":"https:\/\/www.europesays.com\/fr\/wp-json\/wp\/v2\/comments?post=62195"}],"version-history":[{"count":0,"href":"https:\/\/www.europesays.com\/fr\/wp-json\/wp\/v2\/posts\/62195\/revisions"}],"wp:featuredmedia":[{"embeddable":true,"href":"https:\/\/www.europesays.com\/fr\/wp-json\/wp\/v2\/media\/62196"}],"wp:attachment":[{"href":"https:\/\/www.europesays.com\/fr\/wp-json\/wp\/v2\/media?parent=62195"}],"wp:term":[{"taxonomy":"category","embeddable":true,"href":"https:\/\/www.europesays.com\/fr\/wp-json\/wp\/v2\/categories?post=62195"},{"taxonomy":"post_tag","embeddable":true,"href":"https:\/\/www.europesays.com\/fr\/wp-json\/wp\/v2\/tags?post=62195"}],"curies":[{"name":"wp","href":"https:\/\/api.w.org\/{rel}","templated":true}]}}