{"id":621953,"date":"2025-12-25T17:52:17","date_gmt":"2025-12-25T17:52:17","guid":{"rendered":"https:\/\/www.europesays.com\/fr\/621953\/"},"modified":"2025-12-25T17:52:17","modified_gmt":"2025-12-25T17:52:17","slug":"metropole-de-lyon-un-trou-sur-la-chaussee-qui-se-remarque-et-qui-est-genant-a-tassin-la-demi-lune","status":"publish","type":"post","link":"https:\/\/www.europesays.com\/fr\/621953\/","title":{"rendered":"M\u00e9tropole de Lyon. Un trou sur la chauss\u00e9e qui se remarque et qui est g\u00eanant \u00e0\u00a0Tassin-la-Demi-Lune"},"content":{"rendered":"<p>Un trou tellement gros qu\u2019il est m\u00eame signal\u00e9 par le GPS en ligne par un message d\u2019alerte. Et aussi dangereux car il se situe, dans le sens carrefour de la Lib\u00e9ration vers M\u00e9nival, juste avant un ralentisseur. Par cons\u00e9quent, l\u2019automobiliste, se concentre sur le ralentisseur et ne voit pas forc\u00e9ment le trou\u2026<\/p>\n<p>Interrog\u00e9e, la municipalit\u00e9 par la voix d\u2019Eric Gautier nous indique\u00a0: \u00ab\u00a0Nous avons bien s\u00fbr \u00e9t\u00e9 avertis par des concitoyens de ce danger. Nos demandes r\u00e9guli\u00e8res et r\u00e9p\u00e9t\u00e9es \u00e0 la M\u00e9tropole pour une r\u00e9paration s\u00e9rieuse et efficace n\u2019ont pour l\u2019instant pas \u00e9t\u00e9 entendues. D\u2019autant qu\u2019il ne faut pas mettre une simple rustine mais faire une r\u00e9paration plus s\u00e9rieuse qui doit tenir dans le temps\u00a0\u00bb.<\/p>\n<p>\u00ab\u00a0Le probl\u00e8me va \u00eatre r\u00e9gl\u00e9 dans les jours qui viennent\u00a0\u00bb<\/p>\n<p>De son c\u00f4t\u00e9, la M\u00e9tropole indique que les services n\u2019ont pas \u00e9t\u00e9 alert\u00e9s, si ce n\u2019est par le concessionnaire Eau du Grand Lyon, qui a effectu\u00e9 des travaux r\u00e9cemment et rep\u00e9r\u00e9 ce trou. \u00ab\u00a0Le probl\u00e8me va \u00eatre r\u00e9gl\u00e9 dans les jours qui viennent, nous assure le service communication de la M\u00e9tropole, mais ce sera une r\u00e9fection provisoire car d\u2019autres chantiers sont pr\u00e9vus dans le cadre de la construction du groupe scolaire Samuel-Paty\u00a0\u00bb.<\/p>\n","protected":false},"excerpt":{"rendered":"Un trou tellement gros qu\u2019il est m\u00eame signal\u00e9 par le GPS en ligne par un message d\u2019alerte. Et&hellip;\n","protected":false},"author":2,"featured_media":621954,"comment_status":"","ping_status":"","sticky":false,"template":"","format":"standard","meta":{"footnotes":""},"categories":[1889],"tags":[1111,11,2430,3542,3153,1777,674,1011,27,2428,12,25,2429,20283,20284,2803],"class_list":{"0":"post-621953","1":"post","2":"type-post","3":"status-publish","4":"format-standard","5":"has-post-thumbnail","7":"category-lyon","8":"tag-actu","9":"tag-actualites","10":"tag-auvergne-rhone-alpes","11":"tag-circulation","12":"tag-edition-ouest-lyonnais","13":"tag-eu","14":"tag-europe","15":"tag-fr","16":"tag-france","17":"tag-lyon","18":"tag-news","19":"tag-republique-francaise","20":"tag-rhone","21":"tag-tassin-la-demi-lune","22":"tag-tassin-la-demi-lune-bassin","23":"tag-transport"},"share_on_mastodon":{"url":"https:\/\/pubeurope.com\/@fr\/115781484188145018","error":""},"_links":{"self":[{"href":"https:\/\/www.europesays.com\/fr\/wp-json\/wp\/v2\/posts\/621953","targetHints":{"allow":["GET"]}}],"collection":[{"href":"https:\/\/www.europesays.com\/fr\/wp-json\/wp\/v2\/posts"}],"about":[{"href":"https:\/\/www.europesays.com\/fr\/wp-json\/wp\/v2\/types\/post"}],"author":[{"embeddable":true,"href":"https:\/\/www.europesays.com\/fr\/wp-json\/wp\/v2\/users\/2"}],"replies":[{"embeddable":true,"href":"https:\/\/www.europesays.com\/fr\/wp-json\/wp\/v2\/comments?post=621953"}],"version-history":[{"count":0,"href":"https:\/\/www.europesays.com\/fr\/wp-json\/wp\/v2\/posts\/621953\/revisions"}],"wp:featuredmedia":[{"embeddable":true,"href":"https:\/\/www.europesays.com\/fr\/wp-json\/wp\/v2\/media\/621954"}],"wp:attachment":[{"href":"https:\/\/www.europesays.com\/fr\/wp-json\/wp\/v2\/media?parent=621953"}],"wp:term":[{"taxonomy":"category","embeddable":true,"href":"https:\/\/www.europesays.com\/fr\/wp-json\/wp\/v2\/categories?post=621953"},{"taxonomy":"post_tag","embeddable":true,"href":"https:\/\/www.europesays.com\/fr\/wp-json\/wp\/v2\/tags?post=621953"}],"curies":[{"name":"wp","href":"https:\/\/api.w.org\/{rel}","templated":true}]}}