{"id":621957,"date":"2025-12-25T17:55:22","date_gmt":"2025-12-25T17:55:22","guid":{"rendered":"https:\/\/www.europesays.com\/fr\/621957\/"},"modified":"2025-12-25T17:55:22","modified_gmt":"2025-12-25T17:55:22","slug":"depuis-2010-la-region-ile-de-france-aurait-enregistre-une-baisse-de-35-de-ses-emissions-de-gaz-a-effet-de-serre-selon-un-bilan-publie-par-airparif","status":"publish","type":"post","link":"https:\/\/www.europesays.com\/fr\/621957\/","title":{"rendered":"Depuis 2010, la r\u00e9gion \u00cele-de-France aurait enregistr\u00e9 une baisse de 35 % de ses \u00e9missions de gaz \u00e0 effet de serre, selon un bilan publi\u00e9 par AirParif"},"content":{"rendered":"<p>\u00c0 l&rsquo;occasion des dix ans de l&rsquo;Accord de Paris, Airparif publie un bilan des consommations \u00e9nerg\u00e9tiques en \u00cele-de-France, et des \u00e9missions de gaz \u00e0 effet de serre ainsi que de polluants atmosph\u00e9riques qui en d\u00e9coulent. L&rsquo;\u00cele-de-France se place parmi les r\u00e9gions fran\u00e7aises affichant les r\u00e9ductions les plus importantes.<\/p>\n<p>Depuis 2010, la r\u00e9gion \u00cele-de-France a enregistr\u00e9 une baisse de 35 % de ses \u00e9missions de gaz \u00e0 effet de serre.Ces \u00e9missions ont recul\u00e9 avec des baisses tr\u00e8s importantes dans le secteur r\u00e9sidentiel (-44 %), le transport routier (-22 %) et le tertiaire (-38 %). Le bilan souligne que \u00abLa diminution des \u00e9missions de polluants atmosph\u00e9riques et de GES observ\u00e9e ces derni\u00e8res ann\u00e9es traduit des politiques publiques mises en \u0153uvre \u00e0 toutes les \u00e9chelles : locale, nationale et europ\u00e9enne.\u00bb<\/p>\n<p>Entre 2010 et 2022, les \u00e9missions de particules fines PM2.5 ont, pour leur part, diminu\u00e9 de 43 %.<\/p>\n<p>La baisse est tr\u00e8s marqu\u00e9e dans le transport routier (-64 %) gr\u00e2ce aux progr\u00e8s technologiques et \u00e0 la r\u00e9duction du trafic, ainsi que dans le secteur r\u00e9sidentiel (-45 %), port\u00e9e par la r\u00e9novation \u00e9nerg\u00e9tique des b\u00e2timents et l\u2019am\u00e9lioration des \u00e9quipements de chauffage. Les \u00e9missions agricoles ont \u00e9galement recul\u00e9 (-26 %).<\/p>\n<p>Ces r\u00e9sultats t\u00e9moignent d&rsquo;une baisse plus rapide des polluants atmosph\u00e9riques (effet r\u00e9gional de court \u00e0 moyenne dur\u00e9e), que des gaz \u00e0 effet de serre (effets sur le climat mondial). Ils illustrent \u00e9galement la corr\u00e9lation entre la qualit\u00e9 de l&rsquo;air le climat et l&rsquo;\u00e9nergie. Malgr\u00e9 ces progr\u00e8s encourageants, les enjeux sanitaires et climatiques sont plus que jamais pr\u00e9sents.<\/p>\n<p>\u00abLes efforts doivent \u00eatre poursuivis et amplifi\u00e9s afin de continuer la diminution des \u00e9missions de polluants et de consolider durablement les b\u00e9n\u00e9fices pour la sant\u00e9 et pour l&rsquo;att\u00e9nuation du changement climatique\u00bb, indique le bilan.<\/p>\n<p>Les effets sanitaires des particules et du dioxyde d&rsquo;azote dans l&rsquo;air sont largement marqu\u00e9es dans l&rsquo;agglom\u00e9ration parisienne o\u00f9 se concentre les \u00e9missions de ces polluants, dues \u00e0 la densit\u00e9 des activit\u00e9s et de la population.<\/p>\n<p>L&rsquo;OMS estime que si les niveaux actuels de pollution de l&rsquo;air \u00e9tait abaiss\u00e9, plus de 7.900 d\u00e9c\u00e8s pourraient \u00eatre \u00e9vit\u00e9s chaque ann\u00e9e en moyenne en \u00cele-de-France.<\/p>\n","protected":false},"excerpt":{"rendered":"\u00c0 l&rsquo;occasion des dix ans de l&rsquo;Accord de Paris, Airparif publie un bilan des consommations \u00e9nerg\u00e9tiques en \u00cele-de-France,&hellip;\n","protected":false},"author":2,"featured_media":621958,"comment_status":"","ping_status":"","sticky":false,"template":"","format":"standard","meta":{"footnotes":""},"categories":[1592],"tags":[1111,11,26833,1777,674,1011,27,662,12,626,1800,25],"class_list":{"0":"post-621957","1":"post","2":"type-post","3":"status-publish","4":"format-standard","5":"has-post-thumbnail","7":"category-ile-de-france","8":"tag-actu","9":"tag-actualites","10":"tag-airparif","11":"tag-eu","12":"tag-europe","13":"tag-fr","14":"tag-france","15":"tag-ile-de-france","16":"tag-news","17":"tag-paris","18":"tag-pollution","19":"tag-republique-francaise"},"share_on_mastodon":{"url":"https:\/\/pubeurope.com\/@fr\/115781496295145803","error":""},"_links":{"self":[{"href":"https:\/\/www.europesays.com\/fr\/wp-json\/wp\/v2\/posts\/621957","targetHints":{"allow":["GET"]}}],"collection":[{"href":"https:\/\/www.europesays.com\/fr\/wp-json\/wp\/v2\/posts"}],"about":[{"href":"https:\/\/www.europesays.com\/fr\/wp-json\/wp\/v2\/types\/post"}],"author":[{"embeddable":true,"href":"https:\/\/www.europesays.com\/fr\/wp-json\/wp\/v2\/users\/2"}],"replies":[{"embeddable":true,"href":"https:\/\/www.europesays.com\/fr\/wp-json\/wp\/v2\/comments?post=621957"}],"version-history":[{"count":0,"href":"https:\/\/www.europesays.com\/fr\/wp-json\/wp\/v2\/posts\/621957\/revisions"}],"wp:featuredmedia":[{"embeddable":true,"href":"https:\/\/www.europesays.com\/fr\/wp-json\/wp\/v2\/media\/621958"}],"wp:attachment":[{"href":"https:\/\/www.europesays.com\/fr\/wp-json\/wp\/v2\/media?parent=621957"}],"wp:term":[{"taxonomy":"category","embeddable":true,"href":"https:\/\/www.europesays.com\/fr\/wp-json\/wp\/v2\/categories?post=621957"},{"taxonomy":"post_tag","embeddable":true,"href":"https:\/\/www.europesays.com\/fr\/wp-json\/wp\/v2\/tags?post=621957"}],"curies":[{"name":"wp","href":"https:\/\/api.w.org\/{rel}","templated":true}]}}