{"id":621959,"date":"2025-12-25T17:56:13","date_gmt":"2025-12-25T17:56:13","guid":{"rendered":"https:\/\/www.europesays.com\/fr\/621959\/"},"modified":"2025-12-25T17:56:13","modified_gmt":"2025-12-25T17:56:13","slug":"une-boutique-specialisee-dans-la-mode-africaine-sinstalle-a-deux-pas-des-champs-elysees","status":"publish","type":"post","link":"https:\/\/www.europesays.com\/fr\/621959\/","title":{"rendered":"une boutique sp\u00e9cialis\u00e9e dans la mode africaine s&rsquo;installe \u00e0 deux pas des Champs-\u00c9lys\u00e9es"},"content":{"rendered":"<p>                    Par<br \/>\n        <strong><br \/>\n            <a href=\"https:\/\/actu.fr\/auteur\/thomas-rideau\" title=\"Consulter tous les articles de Thomas Rideau\" target=\"_blank\" rel=\"noopener\">Thomas Rideau<\/a><br \/>\n                    <\/strong><\/p>\n<p>        Publi\u00e9 le<\/p>\n<p>            25 d\u00e9c. 2025 \u00e0 16h11        <\/p>\n<p>\u00ab\u2009Cette boutique, c\u2019est <strong>notre petit miracle<\/strong>.\u2009\u00bb Depuis le 20\u00a0d\u00e9cembre 2025, la mode ivoirienne d\u00e9barque \u00e0 Paris. Et pas n\u2019importe o\u00f9\u2009: sur les <a href=\"https:\/\/actu.fr\/tag\/champs-elysees\" target=\"_blank\" rel=\"noopener\">Champs-\u00c9lys\u00e9es<\/a>. La boutique Aliwax, imagin\u00e9e par la cr\u00e9atrice <strong>Alice Gnapa<\/strong> vient d\u2019ouvrir ses portes. On parle ici d\u2019une boutique de mode et d\u2019accessoires qui se concentre surtout sur les sacs ou les ceintures fabriqu\u00e9s avec du wax.<\/p>\n<p>Les r\u00eaves n\u2019ont pas de fronti\u00e8res<\/p>\n<p class=\" wall-content\">Pour \u00eatre tout \u00e0 fait pr\u00e9cis, la boutique est situ\u00e9e <strong>rue de Berri<\/strong>, \u00e0 une dizaine de m\u00e8tres de l\u2019avenue la plus c\u00e9l\u00e8bre du monde. \u00ab\u2009Le monde qu\u2019on a re\u00e7u durant l\u2019ouverture de notre boutique, \u00e7a nous a donn\u00e9 confiance en nous\u2009\u00bb, indique Alice Gnapa \u00e0 nos confr\u00e8res de <a href=\"https:\/\/www.facebook.com\/reel\/1542952993521850\" target=\"_blank\" rel=\"noopener\">Brut<\/a>.<\/p>\n<p class=\" wall-content\">\u00ab\u2009C\u2019est la premi\u00e8re marque ouest-africaine \u00e0 s\u2019installer sur l\u2019avenue la plus mythique du monde. Cet \u00e9v\u00e9nement a marqu\u00e9 par une forte mobilisation du public se mat\u00e9rialisant par <strong>une file d\u2019attente<\/strong> de plus de 20\u00a0m\u00e8tres\u2009!\u2009\u00bb, se r\u00e9jouit notamment le m\u00e9dia <a href=\"https:\/\/x.com\/prom_ivoire\/status\/2003214823287312429?s=12&amp;t=XsTU-tN8G5vkewKFDbwIpw\">Prom\u2019Ivoire<\/a> sur ses r\u00e9seaux sociaux. \u00ab\u2009La C\u00f4te d\u2019Ivoire ne s\u2019exporte plus seulement par la musique ou le football. La mode devient un levier strat\u00e9gique de soft power.\u2009\u00bb<\/p>\n<p class=\" wall-content\">\u00ab\u2009Le 20\u00a0d\u00e9cembre ne marque pas seulement l\u2019entr\u00e9e d\u2019une marque ivoirienne dans un arrondissement prestigieux. Il raconte une conviction\u2009: <strong>les r\u00eaves n\u2019ont pas de fronti\u00e8res<\/strong>\u2009\u00bb, s\u2019enthousiasme\u00a0<a href=\"https:\/\/lesfaitsdici.com\/aliwax-a-paris-le-destin-cousu-main-dalice-gnapa\/\" target=\"_blank\" rel=\"noopener\">Les Faits d\u2019ici<\/a>, journal sp\u00e9cialis\u00e9 dans les informations d\u2019Afrique de l\u2019Ouest.<\/p>\n<p class=\" wall-content\">Personnalisez votre actualit\u00e9 en ajoutant vos villes et m\u00e9dias en favori avec <a href=\"https:\/\/moncompte.actu.fr\" title=\"D\u00e9couvez Mon Actu\" rel=\"nofollow noopener\" data-trk=\"{&quot;cta&quot;:{&quot;action&quot;:&quot;https:\\\/\\\/moncompte.actu.fr&quot;,&quot;category&quot;:&quot;mon compte&quot;,&quot;from&quot;:&quot;article footer&quot;,&quot;name&quot;:&quot;Mon actu&quot;,&quot;type&quot;:&quot;cta&quot;}}\" target=\"_blank\">Mon Actu<\/a>.<\/p>\n","protected":false},"excerpt":{"rendered":"Par Thomas Rideau Publi\u00e9 le 25 d\u00e9c. 2025 \u00e0 16h11 \u00ab\u2009Cette boutique, c\u2019est notre petit miracle.\u2009\u00bb Depuis le&hellip;\n","protected":false},"author":2,"featured_media":621960,"comment_status":"","ping_status":"","sticky":false,"template":"","format":"standard","meta":{"footnotes":""},"categories":[1888],"tags":[1111,1928,11,1927,6984,215,1777,674,1011,27,12,1926,626,1925,25,104],"class_list":{"0":"post-621959","1":"post","2":"type-post","3":"status-publish","4":"format-standard","5":"has-post-thumbnail","7":"category-paris","8":"tag-actu","9":"tag-actu-paris","10":"tag-actualites","11":"tag-actualites-paris","12":"tag-champs-elysees","13":"tag-commerce","14":"tag-eu","15":"tag-europe","16":"tag-fr","17":"tag-france","18":"tag-news","19":"tag-news-paris","20":"tag-paris","21":"tag-paris-news","22":"tag-republique-francaise","23":"tag-societe"},"share_on_mastodon":{"url":"https:\/\/pubeurope.com\/@fr\/115781499843921353","error":""},"_links":{"self":[{"href":"https:\/\/www.europesays.com\/fr\/wp-json\/wp\/v2\/posts\/621959","targetHints":{"allow":["GET"]}}],"collection":[{"href":"https:\/\/www.europesays.com\/fr\/wp-json\/wp\/v2\/posts"}],"about":[{"href":"https:\/\/www.europesays.com\/fr\/wp-json\/wp\/v2\/types\/post"}],"author":[{"embeddable":true,"href":"https:\/\/www.europesays.com\/fr\/wp-json\/wp\/v2\/users\/2"}],"replies":[{"embeddable":true,"href":"https:\/\/www.europesays.com\/fr\/wp-json\/wp\/v2\/comments?post=621959"}],"version-history":[{"count":0,"href":"https:\/\/www.europesays.com\/fr\/wp-json\/wp\/v2\/posts\/621959\/revisions"}],"wp:featuredmedia":[{"embeddable":true,"href":"https:\/\/www.europesays.com\/fr\/wp-json\/wp\/v2\/media\/621960"}],"wp:attachment":[{"href":"https:\/\/www.europesays.com\/fr\/wp-json\/wp\/v2\/media?parent=621959"}],"wp:term":[{"taxonomy":"category","embeddable":true,"href":"https:\/\/www.europesays.com\/fr\/wp-json\/wp\/v2\/categories?post=621959"},{"taxonomy":"post_tag","embeddable":true,"href":"https:\/\/www.europesays.com\/fr\/wp-json\/wp\/v2\/tags?post=621959"}],"curies":[{"name":"wp","href":"https:\/\/api.w.org\/{rel}","templated":true}]}}