{"id":621961,"date":"2025-12-25T17:57:15","date_gmt":"2025-12-25T17:57:15","guid":{"rendered":"https:\/\/www.europesays.com\/fr\/621961\/"},"modified":"2025-12-25T17:57:15","modified_gmt":"2025-12-25T17:57:15","slug":"le-bilan-du-groupe-d-de-national-3-a-la-treve","status":"publish","type":"post","link":"https:\/\/www.europesays.com\/fr\/621961\/","title":{"rendered":"le bilan du groupe D de National 3 \u00e0 la tr\u00eave"},"content":{"rendered":"<p>Cap sur les f\u00eates de fin d\u2019ann\u00e9e\u2026 et donc place aux vacances pour les formations de la cinqui\u00e8me division tricolore. Apr\u00e8s une premi\u00e8re partie de saison compliqu\u00e9e \u00e0 tous les niveaux, le Groupe D de National 3 va effectivement pouvoir se ressourcer. \u00c0 l\u2019issue de la onzi\u00e8me journ\u00e9e, un club semble avoir pris les devants et fait office d\u00e9sormais de favori pour la mont\u00e9e. En bas de tableau, la lanterne rouge semble, elle-aussi, toute trouv\u00e9e. M\u00eame si tout peut encore basculer. Et ce, d\u00e8s la reprise des championnats pr\u00e9vue le week-end du samedi 10 d\u00e9cembre.\u00a0<\/p>\n<p>Le Racing Colombes, seul au monde<\/p>\n<p>Administrativement r\u00e9trograd\u00e9 en cinqui\u00e8me division au d\u00e9but des ann\u00e9es 2010, le Racing CFF n\u2019est pas parvenu \u00e0 retrouver les plus haut \u00e9chelons du football fran\u00e7ais, oscillant entre les championnats de National 3 et National 3. Trois ans apr\u00e8s son titre de Champion de National 3 de la poule \u00cele-de-France, le club francilien pourrait bel et bien terminer premier de sa poule et ainsi \u00eatre promu \u00e0 l\u2019\u00e9chelon sup\u00e9rieur. Et la mission semble assez bien partie pour les Colombiens, premiers du Groupe D avec 26 points. Soit \u00e0 cinq longueurs du dauphin qu\u2019est le FCM Aubervilliers, qui souhaite \u00e9galement retrouver les affres du National 2. Les deux formations se sont crois\u00e9es au d\u00e9but du mois de septembre, lors de la troisi\u00e8me journ\u00e9e. Un derby francilien remport\u00e9 largement par les Ciel et Blanc sur le score de quatre buts \u00e0 z\u00e9ro.\u00a0<\/p>\n<p>Mais les Racingmen ne sont pas forc\u00e9ment \u00e0 l\u2019abri, malgr\u00e9 une seule d\u00e9faite en championnat pour le moment. La faute ainsi \u00e0 Aubervilliers, ainsi qu\u2019\u00e0 Linas-Montlh\u00e9ry et la r\u00e9serve du SC Bastia. Le club francilien et le club corse accusent six points de retard sur le leader mais comptent bien d\u00e9marrer l\u2019ann\u00e9e 2026 de la plus belle des mani\u00e8res pour s\u2019en rapprocher. Et l\u2019ESALM aura fort \u00e0 faire d\u00e8s le 17 janvier, et un d\u00e9placement sur la pelouse de C\u2019Chartres. Un choc du tr\u00e8s haut de tableau qui pourrait valoir cher. Cinqui\u00e8me avec un point de retard sur le duo pr\u00e9c\u00e9demment cit\u00e9, le CCF\u2026 se rendra \u00e0 Bastia d\u00e8s la reprise des championnats pour un match \u00ab\u00a0\u00e0 six points\u00a0\u00bb.\u00a0<\/p>\n<p>Dives-Cabourg embourb\u00e9 dans une situation compliqu\u00e9e<\/p>\n<p>En bas de tableau, un club semble d\u00e9j\u00e0 condamn\u00e9 \u00e0 chuter \u00e0 l\u2019\u00e9tage inf\u00e9rieur \u00e0 la fin de la saison. Dives-Cabourg n\u2019a remport\u00e9 qu\u2019un seul match en onze journ\u00e9es de National 3 et pointe, plus que logiquement, \u00e0 la derni\u00e8re place de la poule D. Pire encore, le club normand n\u2019est parvenu \u00e0 obtenir le match nul qu\u2019\u00e0 deux reprises. Soit un total de huit d\u00e9faites lors de la premi\u00e8re partie de saison. Apr\u00e8s avoir encha\u00een\u00e9 quatre d\u00e9faites lors de ses quatre premi\u00e8res sorties en championnat, le SUDC est parvenu \u00e0 renverser la r\u00e9serve du FC Versailles (2-1) lors de la cinqui\u00e8me journ\u00e9e. Depuis, les hommes de Philippe Cl\u00e9ment sont plus qu\u2019\u00e0 la peine. Mais un sursaut d\u2019orgueil est attendu d\u00e8s la reprise des championnats\u2026 ou le pire sera d\u00e9j\u00e0 envisag\u00e9. Sur ses terres, Dives-Cabourg accueillera\u2026 la r\u00e9serve du Stade Malherbe de Caen, \u00e9galement pr\u00e9sente dans la zone rouge. En cas de victoire, le dernier reviendrait \u00e0 hauteur de la formation du Calvados. De son c\u00f4t\u00e9, le club appartenant au capitaine de l\u2019\u00c9quipe de France Kylian Mbapp\u00e9 (Real Madrid) serait bien inspir\u00e9 pour enfoncer l\u2019un de ses concurrents directs dans la course au maintien.\u00a0<\/p>\n<p>Une bataille que m\u00e8ne aussi l\u2019AS Saint-Ouen l\u2019aum\u00f4ne. Le club bas\u00e9 dans le Val-d\u2019Oise (95) est \u00e0 \u00e9galit\u00e9 de points avec Caen et devra donc commencer \u00e0 engranger des points. Mais la mission s\u2019annonce tr\u00e8s difficile pour des Verts qui se rendront \u00e0 Aubervilliers ce samedi 10 janvier pour un match qui semble plus que d\u00e9s\u00e9quilibr\u00e9. Et l\u2019AS Trouville-Deauville Villers n\u2019est \u00e9galement pas \u00e0 l\u2019abri de terminer dans les derni\u00e8res places \u00e0 l\u2019issue de la saison. Le club n\u00e9 l\u2019\u00e9t\u00e9 dernier d\u2019une fusion entre l\u2019AS Villers-Houlgate et Trouville-Deauville n\u2019a qu\u2019un point d\u2019avance sur le tandem du bas de tableau. Et toutes les d\u00e9faites seront d\u00e9sormais scrut\u00e9es\u2026 \u00a0<\/p>\n<p>Partagez cette info avec vos amis et vos proches en cliquant ici<br \/>Pour r\u00e9sumer<\/p>\n<p>Cap sur les f\u00eates de fin d\u2019ann\u00e9e\u2026 et donc place aux vacances pour les formations de la cinqui\u00e8me division tricolore. Apr\u00e8s une premi\u00e8re partie de saison compliqu\u00e9e \u00e0 tous les niveaux, le Groupe D de National 3 va effectivement pouvoir se ressourcer. \u00c0 l\u2019issue de la onzi\u00e8me journ\u00e9e, un club semble avoir pris les devants et fait office d\u00e9sormais de favori pour la mont\u00e9e.<\/p>\n<p> <img decoding=\"async\" width=\"76\" height=\"76\" loading=\"lazy\" src=\"https:\/\/static.wui.fr\/images_v3\/avatar-footnational.png\" alt=\"Youcef Ghalaza-Boudra\"\/><\/p>\n","protected":false},"excerpt":{"rendered":"Cap sur les f\u00eates de fin d\u2019ann\u00e9e\u2026 et donc place aux vacances pour les formations de la cinqui\u00e8me&hellip;\n","protected":false},"author":2,"featured_media":621962,"comment_status":"","ping_status":"","sticky":false,"template":"","format":"standard","meta":{"footnotes":""},"categories":[1888],"tags":[1111,1928,11,1927,1777,674,1011,27,59557,12,1926,626,1925,25],"class_list":{"0":"post-621961","1":"post","2":"type-post","3":"status-publish","4":"format-standard","5":"has-post-thumbnail","7":"category-paris","8":"tag-actu","9":"tag-actu-paris","10":"tag-actualites","11":"tag-actualites-paris","12":"tag-eu","13":"tag-europe","14":"tag-fr","15":"tag-france","16":"tag-national-3-actus","17":"tag-news","18":"tag-news-paris","19":"tag-paris","20":"tag-paris-news","21":"tag-republique-francaise"},"share_on_mastodon":{"url":"https:\/\/pubeurope.com\/@fr\/115781505090513519","error":""},"_links":{"self":[{"href":"https:\/\/www.europesays.com\/fr\/wp-json\/wp\/v2\/posts\/621961","targetHints":{"allow":["GET"]}}],"collection":[{"href":"https:\/\/www.europesays.com\/fr\/wp-json\/wp\/v2\/posts"}],"about":[{"href":"https:\/\/www.europesays.com\/fr\/wp-json\/wp\/v2\/types\/post"}],"author":[{"embeddable":true,"href":"https:\/\/www.europesays.com\/fr\/wp-json\/wp\/v2\/users\/2"}],"replies":[{"embeddable":true,"href":"https:\/\/www.europesays.com\/fr\/wp-json\/wp\/v2\/comments?post=621961"}],"version-history":[{"count":0,"href":"https:\/\/www.europesays.com\/fr\/wp-json\/wp\/v2\/posts\/621961\/revisions"}],"wp:featuredmedia":[{"embeddable":true,"href":"https:\/\/www.europesays.com\/fr\/wp-json\/wp\/v2\/media\/621962"}],"wp:attachment":[{"href":"https:\/\/www.europesays.com\/fr\/wp-json\/wp\/v2\/media?parent=621961"}],"wp:term":[{"taxonomy":"category","embeddable":true,"href":"https:\/\/www.europesays.com\/fr\/wp-json\/wp\/v2\/categories?post=621961"},{"taxonomy":"post_tag","embeddable":true,"href":"https:\/\/www.europesays.com\/fr\/wp-json\/wp\/v2\/tags?post=621961"}],"curies":[{"name":"wp","href":"https:\/\/api.w.org\/{rel}","templated":true}]}}