{"id":621965,"date":"2025-12-25T17:59:15","date_gmt":"2025-12-25T17:59:15","guid":{"rendered":"https:\/\/www.europesays.com\/fr\/621965\/"},"modified":"2025-12-25T17:59:15","modified_gmt":"2025-12-25T17:59:15","slug":"vivre-dehors-est-une-condamnation-a-mort-a-paris-les-associations-exigent-la-requisition-des-logements-vides","status":"publish","type":"post","link":"https:\/\/www.europesays.com\/fr\/621965\/","title":{"rendered":"\u00ab\u00a0Vivre dehors est une condamnation \u00e0 mort\u00a0\u00bb\u00a0: \u00e0 Paris, les associations exigent la r\u00e9quisition des logements vides"},"content":{"rendered":"<p class=\"\">\u00ab La plupart des appartements de ces immeubles sont vides car ils repr\u00e9sentent des actifs plus valoris\u00e9s lorsqu\u2019il n\u2019y a pas de locataires, d\u00e9plore Jean-Baptiste Eyraud, le porte-parole de l\u2019association Droit au logement (DAL). Il faudrait appliquer la loi et r\u00e9quisitionner ces logements. Il y en a 3 millions en France dont plus d\u2019un tiers sont vides depuis plus de deux ans. On d\u00e9pense beaucoup d\u2019argent pour des solutions pr\u00e9caires comme des h\u00f4tels alors que la r\u00e9quisition est inscrite dans la loi. Et ce n\u2019est pas une spoliation puisque les propri\u00e9taires sont indemnis\u00e9s. \u00bb<\/p>\n","protected":false},"excerpt":{"rendered":"\u00ab La plupart des appartements de ces immeubles sont vides car ils repr\u00e9sentent des actifs plus valoris\u00e9s lorsqu\u2019il&hellip;\n","protected":false},"author":2,"featured_media":621966,"comment_status":"","ping_status":"","sticky":false,"template":"","format":"standard","meta":{"footnotes":""},"categories":[1888],"tags":[11,1777,674,1011,27,1116,1944,12,626,19293,25],"class_list":{"0":"post-621965","1":"post","2":"type-post","3":"status-publish","4":"format-standard","5":"has-post-thumbnail","7":"category-paris","8":"tag-actualites","9":"tag-eu","10":"tag-europe","11":"tag-fr","12":"tag-france","13":"tag-immobilier","14":"tag-ma-ville","15":"tag-news","16":"tag-paris","17":"tag-paris-75008","18":"tag-republique-francaise"},"share_on_mastodon":{"url":"https:\/\/pubeurope.com\/@fr\/115781511756398681","error":""},"_links":{"self":[{"href":"https:\/\/www.europesays.com\/fr\/wp-json\/wp\/v2\/posts\/621965","targetHints":{"allow":["GET"]}}],"collection":[{"href":"https:\/\/www.europesays.com\/fr\/wp-json\/wp\/v2\/posts"}],"about":[{"href":"https:\/\/www.europesays.com\/fr\/wp-json\/wp\/v2\/types\/post"}],"author":[{"embeddable":true,"href":"https:\/\/www.europesays.com\/fr\/wp-json\/wp\/v2\/users\/2"}],"replies":[{"embeddable":true,"href":"https:\/\/www.europesays.com\/fr\/wp-json\/wp\/v2\/comments?post=621965"}],"version-history":[{"count":0,"href":"https:\/\/www.europesays.com\/fr\/wp-json\/wp\/v2\/posts\/621965\/revisions"}],"wp:featuredmedia":[{"embeddable":true,"href":"https:\/\/www.europesays.com\/fr\/wp-json\/wp\/v2\/media\/621966"}],"wp:attachment":[{"href":"https:\/\/www.europesays.com\/fr\/wp-json\/wp\/v2\/media?parent=621965"}],"wp:term":[{"taxonomy":"category","embeddable":true,"href":"https:\/\/www.europesays.com\/fr\/wp-json\/wp\/v2\/categories?post=621965"},{"taxonomy":"post_tag","embeddable":true,"href":"https:\/\/www.europesays.com\/fr\/wp-json\/wp\/v2\/tags?post=621965"}],"curies":[{"name":"wp","href":"https:\/\/api.w.org\/{rel}","templated":true}]}}