{"id":621967,"date":"2025-12-25T18:00:28","date_gmt":"2025-12-25T18:00:28","guid":{"rendered":"https:\/\/www.europesays.com\/fr\/621967\/"},"modified":"2025-12-25T18:00:28","modified_gmt":"2025-12-25T18:00:28","slug":"aujourdhui-dans-24h-presente-par-amelie-carrouer-russie-assad-revelations-sur-sa-vie-de-luxe-a-moscou","status":"publish","type":"post","link":"https:\/\/www.europesays.com\/fr\/621967\/","title":{"rendered":"Aujourd&rsquo;hui dans 24H pr\u00e9sent\u00e9 par Am\u00e9lie Carrou\u00ebr : Russie &#8211; Assad : r\u00e9v\u00e9lations sur sa vie de luxe \u00e0 Moscou"},"content":{"rendered":"<ul class=\"jsx-862013697 ArticleChapo__List\">\n<li class=\"jsx-862013697 ArticleChapo__List_Item flex\">REPLAY 24H : Au sommaire du jeudi 25 d\u00e9cembre 2025 : Russie &#8211; Assad : r\u00e9v\u00e9lations sur sa vie de luxe \u00e0 Moscou. Diplomatie &#8211; Alerte sur le risque nucl\u00e9aire en Ukraine. International &#8211; L\u2019OTAN \u00e0 la poursuite d\u2019un bateau espion russe.<\/li>\n<\/ul>\n<p data-module=\"article-paragraph\" class=\"jsx-157965717 Paragraph\"><strong>Le Club :\u00a0<\/strong><\/p>\n<p data-module=\"article-paragraph\" class=\"jsx-157965717 Paragraph\">G\u00e9n\u00e9ral Trinquand &#8211; Ancien chef de la mission militaire ONU<\/p>\n<p data-module=\"article-paragraph\" class=\"jsx-157965717 Paragraph\">Jean-Dominique Merchet &#8211; Journaliste d\u00e9fense et international, animateur du blog secretdefenseV2<\/p>\n<p data-module=\"article-paragraph\" class=\"jsx-157965717 Paragraph\">Ulrich Bounat &#8211; Analyste g\u00e9opolitique Europe Centrale<\/p>\n<p data-module=\"article-paragraph\" class=\"jsx-157965717 Paragraph\">Samantha de Bendern &#8211; Chercheuse au Think tank Britannique Chatham House<\/p>\n<p data-module=\"article-paragraph\" class=\"jsx-157965717 Paragraph\">Bruno Tertrais &#8211; Directeur adjoint de la Fondation pour la recherche strat\u00e9gique<\/p>\n<p data-module=\"article-paragraph\" class=\"jsx-157965717 Paragraph\">St\u00e9phane Manigold &#8211; Pr\u00e9sident du groupe Eclore\u00a0<\/p>\n<p data-module=\"article-paragraph\" class=\"jsx-157965717 Paragraph Paragraph__End\">Eve Szeftel &#8211; Directrice de la r\u00e9daction de Marianne \u00a0\u00a0\u00a0\u00a0\u00a0<\/p>\n<p>Quentin ROUSSEL<\/p>\n","protected":false},"excerpt":{"rendered":"REPLAY 24H : Au sommaire du jeudi 25 d\u00e9cembre 2025 : Russie &#8211; Assad : r\u00e9v\u00e9lations sur sa&hellip;\n","protected":false},"author":2,"featured_media":122385,"comment_status":"","ping_status":"","sticky":false,"template":"","format":"standard","meta":{"footnotes":""},"categories":[1591],"tags":[1111,5926,11,5925,1887,1922,14,12,5654,1885,1886,132],"class_list":{"0":"post-621967","1":"post","2":"type-post","3":"status-publish","4":"format-standard","5":"has-post-thumbnail","7":"category-russie","8":"tag-actu","9":"tag-actualite-international","10":"tag-actualites","11":"tag-conflits-et-guerre","12":"tag-federation-de-russie","13":"tag-info","14":"tag-international","15":"tag-news","16":"tag-nucleaire","17":"tag-russia","18":"tag-russian-federation","19":"tag-russie"},"share_on_mastodon":{"url":"https:\/\/pubeurope.com\/@fr\/115781515527176917","error":""},"_links":{"self":[{"href":"https:\/\/www.europesays.com\/fr\/wp-json\/wp\/v2\/posts\/621967","targetHints":{"allow":["GET"]}}],"collection":[{"href":"https:\/\/www.europesays.com\/fr\/wp-json\/wp\/v2\/posts"}],"about":[{"href":"https:\/\/www.europesays.com\/fr\/wp-json\/wp\/v2\/types\/post"}],"author":[{"embeddable":true,"href":"https:\/\/www.europesays.com\/fr\/wp-json\/wp\/v2\/users\/2"}],"replies":[{"embeddable":true,"href":"https:\/\/www.europesays.com\/fr\/wp-json\/wp\/v2\/comments?post=621967"}],"version-history":[{"count":0,"href":"https:\/\/www.europesays.com\/fr\/wp-json\/wp\/v2\/posts\/621967\/revisions"}],"wp:featuredmedia":[{"embeddable":true,"href":"https:\/\/www.europesays.com\/fr\/wp-json\/wp\/v2\/media\/122385"}],"wp:attachment":[{"href":"https:\/\/www.europesays.com\/fr\/wp-json\/wp\/v2\/media?parent=621967"}],"wp:term":[{"taxonomy":"category","embeddable":true,"href":"https:\/\/www.europesays.com\/fr\/wp-json\/wp\/v2\/categories?post=621967"},{"taxonomy":"post_tag","embeddable":true,"href":"https:\/\/www.europesays.com\/fr\/wp-json\/wp\/v2\/tags?post=621967"}],"curies":[{"name":"wp","href":"https:\/\/api.w.org\/{rel}","templated":true}]}}