{"id":621970,"date":"2025-12-25T18:03:23","date_gmt":"2025-12-25T18:03:23","guid":{"rendered":"https:\/\/www.europesays.com\/fr\/621970\/"},"modified":"2025-12-25T18:03:23","modified_gmt":"2025-12-25T18:03:23","slug":"leurope-cherche-la-riposte-aux-attaques-americaines","status":"publish","type":"post","link":"https:\/\/www.europesays.com\/fr\/621970\/","title":{"rendered":"l\u2019Europe cherche la riposte aux attaques am\u00e9ricaines"},"content":{"rendered":"<p>\n    Apr\u00e8s les sanctions prises contre des personnalit\u00e9s europ\u00e9ennes, dont le Fran\u00e7ais Thierry Breton, les d\u00e9clarations indign\u00e9es se sont multipli\u00e9es au sein de l\u2019Union. Cette derni\u00e8re envisage de r\u00e9pliquer.<\/p>\n<p class=\"fig-paragraph\">L\u2019indignation est g\u00e9n\u00e9rale en Europe. L\u2019Union europ\u00e9enne (UE) a exig\u00e9, ce mercredi, des \u00ab\u00a0clarifications\u00a0\u00bb et a condamn\u00e9 fermement les sanctions \u00ab\u00a0injustifi\u00e9es\u00a0\u00bb impos\u00e9es par l\u2019<a href=\"http:\/\/www.lefigaro.fr\/international\/etats-unis-l-administration-trump-rappelle-pres-de-30-diplomates-de-carriere-nommes-par-biden-20251222\" data-fig-type=\"NewsFlash\" data-gtm-custom-categorie=\"navigation\" data-gtm-custom-action=\"crossclick\" data-gtm-custom-label=\"Contextuel\" data-gtm-event=\"customEventSPE\" data-fig-domain=\"LEFIGARO\" target=\"_blank\" rel=\"noopener\">Administration Trump<\/a>\u00a0\u00e0 cinq personnalit\u00e9s du Vieux Continent, dont l\u2019ancien commissaire au march\u00e9 int\u00e9rieur (2019-2024)\u00a0<a href=\"http:\/\/www.lefigaro.fr\/vox\/economie\/thierry-breton-et-arnaud-montebourg-nous-sommes-les-vassaux-industriels-de-la-chine-et-les-vassaux-numeriques-des-etats-unis-nous-allons-finir-pauvres-et-enchaines-20251218\" data-fig-type=\"Article\" data-gtm-custom-categorie=\"navigation\" data-gtm-custom-action=\"crossclick\" data-gtm-custom-label=\"Contextuel\" data-gtm-event=\"customEventSPE\" data-fig-domain=\"LEFIGARO\" target=\"_blank\" rel=\"noopener\">Thierry Breton<\/a>, d\u00e9sormais persona non grata aux \u00c9tats-Unis. Leur faute\u00a0? Avoir men\u00e9 le combat en faveur d\u2019une stricte r\u00e9gulation des\u00a0<a href=\"http:\/\/www.lefigaro.fr\/international\/derriere-la-taxe-sur-les-visas-h-1b-le-fosse-entre-la-tech-americaine-et-les-protectionnistes-du-camp-maga-20250927\" data-fig-type=\"Article\" data-gtm-custom-categorie=\"navigation\" data-gtm-custom-action=\"crossclick\" data-gtm-custom-label=\"Contextuel\" data-gtm-event=\"customEventSPE\" data-fig-domain=\"LEFIGARO\" target=\"_blank\" rel=\"noopener\">g\u00e9ants de la tech<\/a>\u00a0et contre la d\u00e9sinformation. Ce qui leur vaut d\u2019\u00eatre accus\u00e9s de \u00ab\u00a0censure extraterritoriale\u00a0\u00bb au d\u00e9triment des int\u00e9r\u00eats am\u00e9ricains par le D\u00e9partement d\u2019\u00c9tat.<\/p>\n<p class=\"fig-paragraph\">\u00ab\u00a0Nous avons sanctionn\u00e9 Thierry Breton, l\u2019un des principaux artisans du Digital Services Act (DSA, vot\u00e9 en 2022, NDLR). En ao\u00fbt 2024, alors qu\u2019il \u00e9tait commissaire europ\u00e9en au March\u00e9 int\u00e9rieur et aux Services num\u00e9riques, il a publi\u00e9 une lettre utilisant le DSA pour menacer Elon Musk avant son interview en direct avec le pr\u00e9sident Trump. (Il avait) rappel\u00e9 de mani\u00e8re mena\u00e7ante\u2026<\/p>\n<p class=\"fig-premium-paywall__infos\">\n        Cet article est r\u00e9serv\u00e9 aux abonn\u00e9s.        Il vous reste 85% \u00e0 d\u00e9couvrir.\n    <\/p>\n<p>                <img  data- alt=\"Le Figaro\" class=\"fig-img--complete fig-img\"\/><\/p>\n<p class=\"fig-premium-paywall__title\">Vous avez envie de lire la suite ?<\/p>\n<p class=\"fig-premium-paywall__subtitle\">D\u00e9bloquez tous les articles imm\u00e9diatement.<\/p>\n<p class=\"fig-premium-paywall__connect\">\n                D\u00e9j\u00e0 abonn\u00e9\u00a0?                <a class=\"fig-premium-paywall__connect-link\" href=\"https:\/\/connect.lefigaro.fr\/login?client=horizon_web&amp;type=main&amp;redirect_uri=https%3A%2F%2Fwww.lefigaro.fr%2Fconjoncture%2Fnumerique-l-europe-sous-pression-des-etats-unis-20251225\" data-js-gtm=\"{&quot;customCategorie&quot;: &quot;conversion&quot;, &quot;customAction&quot;: &quot;before_Landing_Connexion_paywall_auto&quot;, &quot;customLabel&quot;: &quot;bGVmaWdhcm8uZnJfXzFmMGUxN2ZlLTA0MmUtNmIyMC1iNDY0LTA3ZmI3MWU3NTEyOF9fQXJ0aWNsZQ==_Num\u00e9rique\u00a0: l\u2019Europe cherche la riposte aux attaques am\u00e9ricaines_375&quot;, &quot;customIDSPE&quot;: &quot;bGVmaWdhcm8uZnJfXzFmMGUxN2ZlLTA0MmUtNmIyMC1iNDY0LTA3ZmI3MWU3NTEyOF9fQXJ0aWNsZQ==&quot;, &quot;event&quot;: &quot;customEventSPE&quot;}\" target=\"_blank\" rel=\"noopener\"><br \/>\n                    Connectez-vous<br \/>\n                <\/a>\n            <\/p>\n","protected":false},"excerpt":{"rendered":"Apr\u00e8s les sanctions prises contre des personnalit\u00e9s europ\u00e9ennes, dont le Fran\u00e7ais Thierry Breton, les d\u00e9clarations indign\u00e9es se sont&hellip;\n","protected":false},"author":2,"featured_media":621971,"comment_status":"","ping_status":"","sticky":false,"template":"","format":"standard","meta":{"footnotes":""},"categories":[1589],"tags":[11,73,1866,674,12,16033,39049,1864,1865,1863,308],"class_list":{"0":"post-621970","1":"post","2":"type-post","3":"status-publish","4":"format-standard","5":"has-post-thumbnail","7":"category-etats-unis","8":"tag-actualites","9":"tag-etats-unis","10":"tag-etats-unis-damerique","11":"tag-europe","12":"tag-news","13":"tag-tech","14":"tag-thierry-breton","15":"tag-united-states","16":"tag-united-states-of-america","17":"tag-us","18":"tag-usa"},"share_on_mastodon":{"url":"https:\/\/pubeurope.com\/@fr\/115781527567517612","error":""},"_links":{"self":[{"href":"https:\/\/www.europesays.com\/fr\/wp-json\/wp\/v2\/posts\/621970","targetHints":{"allow":["GET"]}}],"collection":[{"href":"https:\/\/www.europesays.com\/fr\/wp-json\/wp\/v2\/posts"}],"about":[{"href":"https:\/\/www.europesays.com\/fr\/wp-json\/wp\/v2\/types\/post"}],"author":[{"embeddable":true,"href":"https:\/\/www.europesays.com\/fr\/wp-json\/wp\/v2\/users\/2"}],"replies":[{"embeddable":true,"href":"https:\/\/www.europesays.com\/fr\/wp-json\/wp\/v2\/comments?post=621970"}],"version-history":[{"count":0,"href":"https:\/\/www.europesays.com\/fr\/wp-json\/wp\/v2\/posts\/621970\/revisions"}],"wp:featuredmedia":[{"embeddable":true,"href":"https:\/\/www.europesays.com\/fr\/wp-json\/wp\/v2\/media\/621971"}],"wp:attachment":[{"href":"https:\/\/www.europesays.com\/fr\/wp-json\/wp\/v2\/media?parent=621970"}],"wp:term":[{"taxonomy":"category","embeddable":true,"href":"https:\/\/www.europesays.com\/fr\/wp-json\/wp\/v2\/categories?post=621970"},{"taxonomy":"post_tag","embeddable":true,"href":"https:\/\/www.europesays.com\/fr\/wp-json\/wp\/v2\/tags?post=621970"}],"curies":[{"name":"wp","href":"https:\/\/api.w.org\/{rel}","templated":true}]}}