{"id":621972,"date":"2025-12-25T18:04:15","date_gmt":"2025-12-25T18:04:15","guid":{"rendered":"https:\/\/www.europesays.com\/fr\/621972\/"},"modified":"2025-12-25T18:04:15","modified_gmt":"2025-12-25T18:04:15","slug":"charles-iii-appelle-a-lunite-la-compassion-et-le-dialogue-interreligieux","status":"publish","type":"post","link":"https:\/\/www.europesays.com\/fr\/621972\/","title":{"rendered":"Charles III appelle \u00e0 l\u2019unit\u00e9, la compassion et le dialogue interreligieux"},"content":{"rendered":"<p>AA \/ Istanbul \/ Ben Amed Azize Zougmore<\/p>\n<p>Dans son message de No\u00ebl diffus\u00e9 jeudi depuis la chapelle de Westminster, le roi Charles III a appel\u00e9 au dialogue interreligieux et \u00e0 \u00ab ch\u00e9rir les valeurs de compassion et de r\u00e9conciliation \u00bb dans un monde qu\u2019il juge \u00ab incertain \u00bb et \u00ab toujours plus rapide \u00bb. <\/p>\n<p>Pour la deuxi\u00e8me ann\u00e9e cons\u00e9cutive, le souverain de 77 ans s\u2019est adress\u00e9 au Royaume-Uni et au Commonwealth depuis l\u2019abbaye de Westminster, et non depuis une r\u00e9sidence royale.<\/p>\n<p>\u00c9voquant un \u00ab moment historique d\u2019unit\u00e9 spirituelle \u00bb, Charles III est revenu sur sa visite au Vatican en octobre, au cours de laquelle il avait pri\u00e9 avec le pape L\u00e9on XIV, une premi\u00e8re depuis le schisme anglican du XVI\u1d49 si\u00e8cle. Le Jubil\u00e9 de l&rsquo;\u00c9glise catholique, c\u00e9l\u00e9br\u00e9 sous le th\u00e8me \u00ab P\u00e8lerins de l\u2019esp\u00e9rance \u00bb, a servi de fil conducteur \u00e0 son allocution.<\/p>\n<p>Le roi a \u00e9galement insist\u00e9 sur l\u2019importance de la m\u00e9moire, rappelant le 80\u1d49 anniversaire de la fin de la Seconde Guerre mondiale et \u00ab le courage \u00bb des militaires ainsi que la solidarit\u00e9 des communaut\u00e9s face \u00e0 l\u2019\u00e9preuve. Selon lui, ces valeurs ont \u00ab fa\u00e7onn\u00e9 le Royaume-Uni et le Commonwealth \u00bb.<\/p>\n<p>Face aux tensions actuelles, qu\u2019il qualifie d\u2019\u00ab \u00e9poque incertaine \u00bb, Charles III estime que la diversit\u00e9 religieuse et culturelle peut \u00eatre un levier pour \u00ab faire triompher le bien du mal \u00bb. Il a \u00e9voqu\u00e9 notamment son d\u00e9placement aupr\u00e8s des survivants de l\u2019attaque de la synagogue de Manchester d\u00e9but octobre. \u00ab Lorsque je rencontre des personnes de diff\u00e9rentes confessions, j\u2019entends un d\u00e9sir partag\u00e9 de paix et un profond respect pour toute vie \u00bb, a-t-il soulign\u00e9.<\/p>\n<p>Le monarque, engag\u00e9 de longue date en faveur du dialogue interreligieux, n\u2019a pas mentionn\u00e9 son cancer, dont le traitement sera all\u00e9g\u00e9 en 2026, ni les controverses touchant son fr\u00e8re Andrew, d\u00e9chu de ses titres en novembre en raison de ses liens avec Jeffrey Epstein.<\/p>\n<p>                            &#13;<br \/>\n                                <a href=\"https:\/\/www.aa.com.tr\/fr\/p\/abonnement\/1001\" target=\"_blank\" style=\"font-size:12px; color:#444; text-decoration:none;\" rel=\"noopener\">&#13;<br \/>\n                                    Seulement une partie des d\u00e9p\u00eaches, que l&rsquo;Agence Anadolu diffuse \u00e0 ses abonn\u00e9s via le Syst\u00e8me de Diffusion interne (HAS), est diffus\u00e9e sur le site de l&rsquo;AA, de mani\u00e8re r\u00e9sum\u00e9e. <b style=\"color:#1897F7\">Contactez-nous s&rsquo;il vous pla\u00eet pour vous abonner.<\/b>&#13;<br \/>\n                                <\/a>&#13;<\/p>\n","protected":false},"excerpt":{"rendered":"AA \/ Istanbul \/ Ben Amed Azize Zougmore Dans son message de No\u00ebl diffus\u00e9 jeudi depuis la chapelle&hellip;\n","protected":false},"author":2,"featured_media":621973,"comment_status":"","ping_status":"","sticky":false,"template":"","format":"standard","meta":{"footnotes":""},"categories":[1588],"tags":[11,1785,73152,581,63869,1777,674,12,63629,473,1853,1851,1850,1852],"class_list":{"0":"post-621972","1":"post","2":"type-post","3":"status-publish","4":"format-standard","5":"has-post-thumbnail","7":"category-royaume-uni","8":"tag-actualites","9":"tag-anadolu-ajansi","10":"tag-chapelle-de-westminster","11":"tag-charles-iii","12":"tag-commonwealth","13":"tag-eu","14":"tag-europe","15":"tag-news","16":"tag-nol","17":"tag-royaume-uni","18":"tag-royaume-uni-de-grande-bretagne-et-dirlande-du-nord","19":"tag-uk","20":"tag-united-kingdom","21":"tag-united-kingdom-of-great-britain-and-northern-ireland"},"share_on_mastodon":{"url":"https:\/\/pubeurope.com\/@fr\/115781531490222686","error":""},"_links":{"self":[{"href":"https:\/\/www.europesays.com\/fr\/wp-json\/wp\/v2\/posts\/621972","targetHints":{"allow":["GET"]}}],"collection":[{"href":"https:\/\/www.europesays.com\/fr\/wp-json\/wp\/v2\/posts"}],"about":[{"href":"https:\/\/www.europesays.com\/fr\/wp-json\/wp\/v2\/types\/post"}],"author":[{"embeddable":true,"href":"https:\/\/www.europesays.com\/fr\/wp-json\/wp\/v2\/users\/2"}],"replies":[{"embeddable":true,"href":"https:\/\/www.europesays.com\/fr\/wp-json\/wp\/v2\/comments?post=621972"}],"version-history":[{"count":0,"href":"https:\/\/www.europesays.com\/fr\/wp-json\/wp\/v2\/posts\/621972\/revisions"}],"wp:featuredmedia":[{"embeddable":true,"href":"https:\/\/www.europesays.com\/fr\/wp-json\/wp\/v2\/media\/621973"}],"wp:attachment":[{"href":"https:\/\/www.europesays.com\/fr\/wp-json\/wp\/v2\/media?parent=621972"}],"wp:term":[{"taxonomy":"category","embeddable":true,"href":"https:\/\/www.europesays.com\/fr\/wp-json\/wp\/v2\/categories?post=621972"},{"taxonomy":"post_tag","embeddable":true,"href":"https:\/\/www.europesays.com\/fr\/wp-json\/wp\/v2\/tags?post=621972"}],"curies":[{"name":"wp","href":"https:\/\/api.w.org\/{rel}","templated":true}]}}