{"id":621994,"date":"2025-12-25T18:21:13","date_gmt":"2025-12-25T18:21:13","guid":{"rendered":"https:\/\/www.europesays.com\/fr\/621994\/"},"modified":"2025-12-25T18:21:13","modified_gmt":"2025-12-25T18:21:13","slug":"sa-decision-choc-pour-son-premier-noel-sans-thibault-garcia","status":"publish","type":"post","link":"https:\/\/www.europesays.com\/fr\/621994\/","title":{"rendered":"sa d\u00e9cision choc pour son premier No\u00ebl sans Thibault Garcia"},"content":{"rendered":"<p>Par <a class=\"author_recette\" id=\"author_name\" href=\"https:\/\/www.nextplz.fr\/auteur\/laurent-fourviere\" target=\"_blank\" rel=\"noopener\">Laurent<br \/>\nFourvi\u00e8re<\/a> &#8211;<br \/>\nPubli\u00e9 le 25 D\u00e9c 2025 \u00e0<br \/>\n18:00<\/p>\n<p class=\"article-intro excerpt\">Apr\u00e8s son divorce avec Thibault<br \/>\nGarcia, Jessica Thivenin a pris une d\u00e9cision radicale pour les<br \/>\nf\u00eates de fin d\u2019ann\u00e9e.<\/p>\n<p>Il y a quelques mois, Jessica Thivenin n\u2019aurait pas une seule<br \/>\nseconde pass\u00e9 No\u00ebl de cette fa\u00e7on. Apr\u00e8s plusieurs ann\u00e9es aux c\u00f4t\u00e9s<br \/>\nde Thibault Garcia, l\u00a0\u00bbinfluenceuse a vu sa relation prendre fin. Il<br \/>\ny a plusieurs semaines, le couple embl\u00e9matique de t\u00e9l\u00e9-r\u00e9alit\u00e9 a<br \/>\nannonc\u00e9 son divorce. Une situation bouleversante pour les parents<br \/>\nde Maylone et Leewane. Sous le choc, la jeune femme n\u2019avait pas<br \/>\ncach\u00e9 sa tristesse sur la toile. \u201cMon monde, ma vie, mes r\u00eaves<br \/>\nviennent de s&rsquo;\u00e9crouler (&#8230;) J&rsquo;ai vraiment l&rsquo;impression d&rsquo;avoir<br \/>\nrat\u00e9 ma famille, rat\u00e9 cette vie de famille que j&rsquo;avais r\u00eav\u00e9e&#8230; Et<br \/>\n\u00e7a me brise un peu plus chaque jour. C&rsquo;est une p\u00e9riode tr\u00e8s<br \/>\ncompliqu\u00e9e pour moi, forc\u00e9ment&#8230; Mais je sais qu&rsquo;avec le temps, je<br \/>\nfinirai par me relever (&#8230;) Je garde foi en l&rsquo;avenir, m\u00eame si<br \/>\naujourd&rsquo;hui, j&rsquo;ai mal\u201d, avait-elle confi\u00e9.<\/p>\n<p>L\u2019influenceuse en<br \/>\npleine reconstruction<\/p>\n<p>Cette s\u00e9paration a \u00e9t\u00e9 un v\u00e9ritable choc pour les fans mais<br \/>\naussi pour les deux influenceurs. Au plus mal suite \u00e0 cette<br \/>\nterrible d\u00e9cision, Jessica Thivenin et Thibault Garcia se sont<br \/>\n\u00e9loign\u00e9s des r\u00e9seaux sociaux pour mieux dig\u00e9rer la situation. Un<br \/>\nrecul qui permit \u00e0 ces derniers de se reprendre, notamment <a href=\"https:\/\/www.nextplz.fr\/people\/512822-jessica-thivenin-brisee-et-completement-aneantie-par-son-divorce-avec-thibaut-garcia-jai-perdu-4-kilos\" target=\"_blank\" rel=\"noopener\"><br \/>\nla jeune femme qui a \u00e9norm\u00e9ment perdu de poids<\/a>. \u201cJe vais<br \/>\nessayer de ne pas pleurer, mais il faut savoir que je pleure tous<br \/>\nles jours depuis quatorze jours maintenant. <strong>Il m&rsquo;a<br \/>\nquitt\u00e9 parce qu&rsquo;il ne m&rsquo;aime plus<\/strong>. Je ne peux pas<br \/>\nlui en vouloir, parce que je ne peux pas le forcer d&rsquo;\u00eatre avec moi.<br \/>\nQuand tu n&rsquo;aimes plus une personne, \u00e7a ne sert \u00e0 rien de<br \/>\nforcer\u201d, confiait-elle.<\/p>\n<p>Mais apr\u00e8s cette p\u00e9riode de moins bien, Jessica Thivenin a<br \/>\nd\u00e9cid\u00e9 de ne pas se laisser faire. Battante, elle a entrepris le<br \/>\nchemin de la reconstruction. \u201c<strong>En dix jours, il s&rsquo;est<br \/>\npass\u00e9 tellement de choses. Vous allez voir dans C&rsquo;est la famille,<br \/>\n\u00e7a a \u00e9t\u00e9 film\u00e9<\/strong>. En une semaine, il m&rsquo;a quitt\u00e9, il a mis<br \/>\nles maisons en vente, il a trouv\u00e9 une maison, il est parti. Je me<br \/>\nsuis pris un mur dans la t\u00eate. <strong>Mais c&rsquo;est pas grave, je<br \/>\nvais me relever<\/strong>\u201d, r\u00e9v\u00e9lait-elle. Une envie d\u2019aller de<br \/>\nl\u2019avant qui a incit\u00e9 l\u2019influenceuse \u00e0 prendre une d\u00e9cision<br \/>\nradicale.<\/p>\n<p>Jessica Thivenin sans filtre sur son premier No\u00ebl apr\u00e8s son divorce<br \/>\navec Thibault Garcia<\/p>\n<p>Le divorce avec Thibault Garcia a \u00e9t\u00e9 un v\u00e9ritable coup dur pour<br \/>\nJessica Thivenin. La jeune femme n\u2019avait pas imagin\u00e9 sa relation se<br \/>\nterminer de la sorte. Toutefois, <a href=\"https:\/\/www.nextplz.fr\/people\/516505-jessica-thivenin-remise-rupture-avec-thibault-garcia-merci-vie\" target=\"_blank\" rel=\"noopener\"><br \/>\nl\u2019influenceuse ne compte pas se morfondre \u00e9ternellement<\/a>. Apr\u00e8s<br \/>\navoir pris <strong>le temps de dig\u00e9rer cette rupture<br \/>\ndouloureuse<\/strong>, la maman de Leewane et Maylone doit d\u00e9sormais<br \/>\navancer. Une nouvelle vie que cette derni\u00e8re ne manque pas de<br \/>\npartager avec ses abonn\u00e9s. Sur les r\u00e9seaux sociaux, Jessica<br \/>\nThivenin se confie sur son quotidien. Et r\u00e9cemment, elle s\u2019est<br \/>\nlivr\u00e9e sur l\u2019organisation de ses f\u00eates de fin d\u2019ann\u00e9e. Mais si<br \/>\ncette p\u00e9riode est sous le signe du rassemblement, \u00e7a ne sera pas le<br \/>\ncas pour Jessica Thivenin. En effet, <strong>elle n\u2019a en aucun cas<br \/>\nenvie de passer les f\u00eates aux c\u00f4t\u00e9s de son ex-compagnon<\/strong>,<br \/>\nni avec la famille de ce dernier. Cependant, elle va profiter de<br \/>\nNo\u00ebl aux c\u00f4t\u00e9s de ses proches.<\/p>\n<p>\u201cIl a \u00e9t\u00e9 l\u00e0 pour moi\u201d<\/p>\n<p>Malgr\u00e9 l\u2019absence de Thibault Garcia, Jessica Thivenin compte<br \/>\nbien passer de bonnes f\u00eates. Pour le coup, elle pourra compter sur<br \/>\nla pr\u00e9sence de son fr\u00e8re, comme elle l\u2019a r\u00e9v\u00e9l\u00e9 sur les r\u00e9seaux<br \/>\nsociaux. \u201c<strong>Je suis trop contente de retrouver mon fr\u00e8re.<br \/>\nIl a \u00e9t\u00e9 l\u00e0 pour moi<\/strong>\u201d, a-t-elle confi\u00e9 sur Snapchat.<br \/>\nUne compagnie symbolique pour l\u2019influenceuse qui sait qu\u2019elle peut<br \/>\ntoujours compter sur sa famille. \u201c<strong>\u00c7a va \u00eatre un No\u00ebl<br \/>\ntrop bien, \u00e0 l\u2019ancienne<\/strong>\u201d, a-t-elle r\u00e9v\u00e9l\u00e9. Avant<br \/>\nd\u2019ajouter : \u201cDu coup cette ann\u00e9e \u00e7a va \u00eatre hyper chaleureux.<br \/>\nY\u2019a Jamel, y\u2019aura sa ch\u00e9rie, son fr\u00e8re, ma belle-s\u0153ur, mes parents,<br \/>\nma meilleure amie avec sa m\u00e8re aussi.\u201d Tous les ingr\u00e9dients<br \/>\npour que cette f\u00eate de No\u00ebl soit une v\u00e9ritable r\u00e9ussite pour la<br \/>\njeune femme mais \u00e9galement pour les enfants qui seront loin de leur<br \/>\np\u00e8re.<\/p>\n","protected":false},"excerpt":{"rendered":"Par Laurent Fourvi\u00e8re &#8211; Publi\u00e9 le 25 D\u00e9c 2025 \u00e0 18:00 Apr\u00e8s son divorce avec Thibault Garcia, Jessica&hellip;\n","protected":false},"author":2,"featured_media":621995,"comment_status":"","ping_status":"","sticky":false,"template":"","format":"standard","meta":{"footnotes":""},"categories":[1359],"tags":[58,59,1011,27,973,65861],"class_list":{"0":"post-621994","1":"post","2":"type-post","3":"status-publish","4":"format-standard","5":"has-post-thumbnail","7":"category-people","8":"tag-divertissement","9":"tag-entertainment","10":"tag-fr","11":"tag-france","12":"tag-people","13":"tag-trend"},"share_on_mastodon":{"url":"","error":""},"_links":{"self":[{"href":"https:\/\/www.europesays.com\/fr\/wp-json\/wp\/v2\/posts\/621994","targetHints":{"allow":["GET"]}}],"collection":[{"href":"https:\/\/www.europesays.com\/fr\/wp-json\/wp\/v2\/posts"}],"about":[{"href":"https:\/\/www.europesays.com\/fr\/wp-json\/wp\/v2\/types\/post"}],"author":[{"embeddable":true,"href":"https:\/\/www.europesays.com\/fr\/wp-json\/wp\/v2\/users\/2"}],"replies":[{"embeddable":true,"href":"https:\/\/www.europesays.com\/fr\/wp-json\/wp\/v2\/comments?post=621994"}],"version-history":[{"count":0,"href":"https:\/\/www.europesays.com\/fr\/wp-json\/wp\/v2\/posts\/621994\/revisions"}],"wp:featuredmedia":[{"embeddable":true,"href":"https:\/\/www.europesays.com\/fr\/wp-json\/wp\/v2\/media\/621995"}],"wp:attachment":[{"href":"https:\/\/www.europesays.com\/fr\/wp-json\/wp\/v2\/media?parent=621994"}],"wp:term":[{"taxonomy":"category","embeddable":true,"href":"https:\/\/www.europesays.com\/fr\/wp-json\/wp\/v2\/categories?post=621994"},{"taxonomy":"post_tag","embeddable":true,"href":"https:\/\/www.europesays.com\/fr\/wp-json\/wp\/v2\/tags?post=621994"}],"curies":[{"name":"wp","href":"https:\/\/api.w.org\/{rel}","templated":true}]}}