{"id":621998,"date":"2025-12-25T18:24:30","date_gmt":"2025-12-25T18:24:30","guid":{"rendered":"https:\/\/www.europesays.com\/fr\/621998\/"},"modified":"2025-12-25T18:24:30","modified_gmt":"2025-12-25T18:24:30","slug":"pas-genereux-la-performance-dambre-star-academy-aux-evaluations-ne-convainc-pas-michael-goldman-et-sofia-morgavi","status":"publish","type":"post","link":"https:\/\/www.europesays.com\/fr\/621998\/","title":{"rendered":"\u201cPas g\u00e9n\u00e9reux\u201d : La performance d\u2019Ambre (Star Academy) aux \u00e9valuations ne convainc pas Michael Goldman et Sofia Morgavi"},"content":{"rendered":"<p class=\"articleContent-meta\">\n        Aujourd&rsquo;hui \u00e0 13:15 &#8211; par             la r\u00e9daction<\/p>\n<p>                    Tweeter<\/p>\n<p>                    Partager sur Facebook<\/p>\n<p>                        <img decoding=\"async\" src=\"https:\/\/www.europesays.com\/fr\/wp-content\/uploads\/2025\/12\/star-academy-2025-ce-qu-il-faut-savoir-sur-la-nouvelle-saison.jpg\" alt=\"Player Video\" class=\"player-applyRatio poster exclude-seedtag\"\/><\/p>\n<p>Mercredi 24 d\u00e9cembre, les \u00e9l\u00e8ves de la Star Academy ont d\u00fb se juger entre eux lors des \u00e9valuations de la semaine. Depuis le salon, les professeurs ont suivi les prestations et la performance d\u2019Ambre a suscit\u00e9 plusieurs r\u00e9serves.<\/p>\n<p>\u00c0 l\u2019approche du prime, la tension se fait ressentir au ch\u00e2teau. <a href=\"https:\/\/www.programme.tv\/news\/emissions-tv\/266374-star-academy-qui-est-leleve-immunise-ce-mercredi-24-decembre\/\" target=\"_blank\" rel=\"noopener\">Les \u00e9l\u00e8ves encore en comp\u00e9tition<\/a> vont encha\u00eener les \u00e9valuations d\u00e9cisives lors de l&rsquo;\u00e9mission en direct ce samedi 27 d\u00e9cembre. Les nominations seront annonc\u00e9es ensuite et parmi les trois candidats en danger, le public pourra n\u2019en sauver que deux. Avant ce rendez-vous d\u00e9cisif, les acad\u00e9miciens ont pass\u00e9 plusieurs \u00e9valuations de danse et de chant pour esp\u00e9rer d\u00e9crocher une immunit\u00e9 et une \u00ab\u00a0carte blanche\u00a0\u00bb. Dans la quotidienne du 24 d\u00e9cembre, les r\u00e8gles \u00e9taient pour le moins particuli\u00e8res. Pour une fois, ce n\u2019\u00e9tait pas les professeurs qui jugeaient les candidats, mais les \u00e9l\u00e8ves qui devaient se noter entre eux. Les huit \u00e9l\u00e8ves ont pris place comme un jury et sont pass\u00e9s chacun leur tour devant leurs camarades avant de voter, tandis que leurs professeurs se sont install\u00e9s dans le canap\u00e9 du salon pour regarder chacune des prestations.<\/p>\n<p>                                Michael Goldman (Star Academy) regrette l&rsquo;interpr\u00e9tation \u00ab\u00a0TGV\u00a0\u00bb d&rsquo;Ambre<\/p>\n<p>Lorsque le tour d\u2019Ambre et de sa reprise de Tattoo de Loreen est venue, les retours des professeurs ont \u00e9t\u00e9 plus que r\u00e9serv\u00e9s. Marl\u00e8ne Schaff a \u00e9voqu\u00e9 le pi\u00e8ge d\u2019interpr\u00e9ter la chanson Tattoo \u00ab\u00a0un peu en autoroute comme \u00e7a\u00a0\u00bb, tandis que Michael Goldman a expliqu\u00e9 avoir eu \u00ab\u00a0l\u2019impression de voir un TGV passer et que \u00e7a ne s\u2019arr\u00eate pas c\u2019est toujours la m\u00eame voiture\u00a0\u00bb. De son c\u00f4t\u00e9, Sofia Margovi a expliqu\u00e9 ne pas avoir \u00ab\u00a0l\u2019effet whaou\u00a0\u00bb pour la premi\u00e8re fois avec Ambre. Pour terminer, Jonathan Jenvrin a estim\u00e9 que la performance \u00ab\u00a0n\u2019\u00e9tait pas g\u00e9n\u00e9reuse\u00a0\u00bb et \u00ab\u00a0pas fixe sur le chant\u00a0\u00bb, il a reconnu malgr\u00e9 tout l\u2019investissement de l\u2019\u00e9tudiante sur la danse qui montre \u00ab\u00a0qu\u2019elle a vraiment boss\u00e9\u00a0\u00bb.<\/p>\n<p>                Les familles des candidats de la Star Academy font leur entr\u00e9e au ch\u00e2teau pour No\u00ebl<\/p>\n<p>Les \u00e9l\u00e8ves de l&rsquo;acad\u00e9mie ont re\u00e7u la visite surprise de leurs proches au petit matin du 24 d\u00e9cembre. Tour \u00e0 tour, M\u00e9lissa, Th\u00e9o P., Bastiaan, Sarah ou encore L\u00e9a ont retrouv\u00e9 leurs familles sous le regard des cam\u00e9ras. Mais c\u2019est surtout l\u2019arriv\u00e9e de la m\u00e8re d\u2019Ambre qui a retenu l\u2019attention des internautes. Apparue pour la premi\u00e8re fois dans la quotidienne, elle a imm\u00e9diatement fait r\u00e9agir le public, nombreux \u00e0 souligner sa ressemblance frappante avec la jeune acad\u00e9micienne.<\/p>\n<p>Article \u00e9crit en collaboration avec 6Medias<\/p>\n<p>Rejoignez-nous sur Google !<\/p>\n<p class=\"articleContent-pushTagline\">Abonnez-vous \u00e0 <a href=\"https:\/\/profile.google.com\/cp\/CgsvZy8xMjExMWxuMQ\" target=\"_blank\" rel=\"noopener\">T\u00e9l\u00e9 2 semaines sur Google<\/a> pour ne manquer aucune info !<\/p>\n","protected":false},"excerpt":{"rendered":"Aujourd&rsquo;hui \u00e0 13:15 &#8211; par la r\u00e9daction Tweeter Partager sur Facebook Mercredi 24 d\u00e9cembre, les \u00e9l\u00e8ves de la&hellip;\n","protected":false},"author":2,"featured_media":621999,"comment_status":"","ping_status":"","sticky":false,"template":"","format":"standard","meta":{"footnotes":""},"categories":[1356],"tags":[1695,58,59,1011,27,64696,64698,64694,64695,18439,1127,5095,64699,64697,67813,68033,252,199,2175,1364,73155],"class_list":{"0":"post-621998","1":"post","2":"type-post","3":"status-publish","4":"format-standard","5":"has-post-thumbnail","7":"category-television","8":"tag-chanson","9":"tag-divertissement","10":"tag-entertainment","11":"tag-fr","12":"tag-france","13":"tag-la-quotidienne-25112022-173000-tf1","14":"tag-la-quotidienne-su00e9rie-52118294","15":"tag-la-quotidienne-1100832954","16":"tag-la-quotidienne-1100860641","17":"tag-michael-goldman","18":"tag-professeur","19":"tag-star-academy","20":"tag-star-academy-le-prime-9790195","21":"tag-star-academy-1100807804","22":"tag-star-academy-1101059444","23":"tag-star-academy-1101324617","24":"tag-television","25":"tag-tf1","26":"tag-tl-story","27":"tag-tv","28":"tag-u00e9valuations"},"share_on_mastodon":{"url":"https:\/\/pubeurope.com\/@fr\/115781611170021981","error":""},"_links":{"self":[{"href":"https:\/\/www.europesays.com\/fr\/wp-json\/wp\/v2\/posts\/621998","targetHints":{"allow":["GET"]}}],"collection":[{"href":"https:\/\/www.europesays.com\/fr\/wp-json\/wp\/v2\/posts"}],"about":[{"href":"https:\/\/www.europesays.com\/fr\/wp-json\/wp\/v2\/types\/post"}],"author":[{"embeddable":true,"href":"https:\/\/www.europesays.com\/fr\/wp-json\/wp\/v2\/users\/2"}],"replies":[{"embeddable":true,"href":"https:\/\/www.europesays.com\/fr\/wp-json\/wp\/v2\/comments?post=621998"}],"version-history":[{"count":0,"href":"https:\/\/www.europesays.com\/fr\/wp-json\/wp\/v2\/posts\/621998\/revisions"}],"wp:featuredmedia":[{"embeddable":true,"href":"https:\/\/www.europesays.com\/fr\/wp-json\/wp\/v2\/media\/621999"}],"wp:attachment":[{"href":"https:\/\/www.europesays.com\/fr\/wp-json\/wp\/v2\/media?parent=621998"}],"wp:term":[{"taxonomy":"category","embeddable":true,"href":"https:\/\/www.europesays.com\/fr\/wp-json\/wp\/v2\/categories?post=621998"},{"taxonomy":"post_tag","embeddable":true,"href":"https:\/\/www.europesays.com\/fr\/wp-json\/wp\/v2\/tags?post=621998"}],"curies":[{"name":"wp","href":"https:\/\/api.w.org\/{rel}","templated":true}]}}