{"id":622001,"date":"2025-12-25T18:26:21","date_gmt":"2025-12-25T18:26:21","guid":{"rendered":"https:\/\/www.europesays.com\/fr\/622001\/"},"modified":"2025-12-25T18:26:21","modified_gmt":"2025-12-25T18:26:21","slug":"jetais-consideree-comme-une-mauvaise-actrice-comment-le-film-orgueil-et-prejuges-a-bouleverse-la-carriere-de-keira-knightley","status":"publish","type":"post","link":"https:\/\/www.europesays.com\/fr\/622001\/","title":{"rendered":"\u00ab\u00a0J&rsquo;\u00e9tais consid\u00e9r\u00e9e comme une mauvaise actrice\u00a0\u00bb : Comment le film Orgueil et Pr\u00e9jug\u00e9s a boulevers\u00e9 la carri\u00e8re de Keira Knightley"},"content":{"rendered":"<p>Keira Knightley interpr\u00e8te la fougueuse h\u00e9ro\u00efne de Jane Austen dans l&rsquo;adaptation cin\u00e9matographique d&rsquo;une des \u0153uvres majeures de la litt\u00e9rature anglaise, Orgueil et pr\u00e9jug\u00e9s &#8211; diffus\u00e9 ce jeudi 25 d\u00e9cembre \u00e0 20h55 sur Arte. Un r\u00f4le capital dans la carri\u00e8re de la com\u00e9dienne anglaise, jusqu&rsquo;alors peu estim\u00e9e par le public et la critique. <\/p>\n<p>Keira Knightley n&rsquo;est peut-\u00eatre pas une v\u00e9ritable enfant star comme <a href=\"https:\/\/www.programme-tv.net\/biographie\/17472-culkin-macaulay\/\" data-link-people=\"6bd74c8c-3d1b-4169-a8d7-d2899261f430\" target=\"_blank\" rel=\"noopener\">Macaulay Culkin<\/a> (<a href=\"https:\/\/www.programme-tv.net\/news\/evenement\/disney-plus-streaming\/385177-macaulay-culkin-pourquoi-il-prefere-la-suite-de-maman-jai-rate-lavion-plutot-que-le-premier-film-spoiler-ce-nest-pas-pour-lintrigue\/\" data-api-deeplink=\"teleloisirs:\/\/news\/385177\" target=\"_blank\" rel=\"noopener\">qui pr\u00e9f\u00e8re Maman, j&rsquo;ai encore rat\u00e9 l&rsquo;avion au premier volet<\/a>), <a href=\"https:\/\/www.programme-tv.net\/news\/cinema\/373526-forrest-gump-que-devient-haley-joel-osmeforrest-gump-que-devient-haley-joel-osment-qui-a-fait-ses-debuts-au-cinema-dans-ce-film-nt-qui-a-fait-ses-debuts-au-cinema-dans-ce-film\/\" data-api-deeplink=\"teleloisirs:\/\/news\/373526\" target=\"_blank\" rel=\"noopener\">Haley Joel Osment (Sixi\u00e8me Sens, Forrest Gump)<\/a>, ou encore <a href=\"https:\/\/www.programme-tv.net\/news\/series-tv\/379925-serie-harry-potter-voici-les-enfants-qui-joueront-harry-hermione-et-ron-pour-succeder-a-daniel-radcliffe-emma-watson-et-rupert-grint-photo\/\" data-api-deeplink=\"teleloisirs:\/\/news\/379925\" target=\"_blank\" rel=\"noopener\">le trio de t\u00eate de la saga Harry Potter<\/a>. Elle a n\u00e9anmoins commenc\u00e9 au m\u00eame \u00e2ge que ces derniers. D&rsquo;abord en apparaissant dans des s\u00e9ries et t\u00e9l\u00e9films anglais. Les fins sp\u00e9cialistes de Star Wars se souviennent ensuite de son apparition sous les traits de Sab\u00e9, doublure de la reine Amidala aka Padm\u00e9 (<a href=\"https:\/\/www.programme-tv.net\/biographie\/17315-portman-natalie\/\" data-link-people=\"438d4ea5-de4d-4316-be85-a37c50a0c670\" target=\"_blank\" rel=\"noopener\">Natalie Portman<\/a>), dans La menace fant\u00f4me. Apr\u00e8s un r\u00f4le dans le m\u00e9connu thriller psychologique The Hole, elle se retrouve dans la lumi\u00e8re gr\u00e2ce \u00e0 Joue-la comme Beckham (2002), \u00e9norme succ\u00e8s du cin\u00e9ma britannique. Pas tant un bon souvenir pour la jeune fille qu&rsquo;elle \u00e9tait. \u00ab\u00a0J&rsquo;ai re\u00e7u des critiques terribles pour ce r\u00f4le &#8211; ou du moins ce sont celles dont je me souviens, dans mon cerveau de 17 ans\u00a0\u00bb, racontait-elle lors d&rsquo;une interview organis\u00e9e par <a href=\"https:\/\/www.vanityfair.com\/video\/watch\/reunited-vf-reunited-keira-knightley-and-rosamund-pike\" target=\"_blank\" rel=\"noopener\">Vanity Fair<\/a> avec sa camarade de jeu d&rsquo;Orgueil et Pr\u00e9jug\u00e9s (2005), <a href=\"https:\/\/www.programme-tv.net\/biographie\/23874-pike-rosamund\/\" data-link-people=\"ba293271-b7a3-47f1-bc8f-0b035495aa94\" target=\"_blank\" rel=\"noopener\">Rosamund Pike<\/a>, pour les 20 ans d&rsquo;un film primordial pour elle.<\/p>\n<p>                        \u00ab\u00a0Quand les gens viennent me voir, c\u2019est probablement le premier film qu\u2019ils \u00e9voquent\u00a0\u00bb, explique Keira Knightley au sujet d&rsquo;Orgueil et pr\u00e9jug\u00e9s<\/p>\n<p>Un an apr\u00e8s Joue-la comme Beckham, elle devient une star mondiale avec Pirates des Cara\u00efbes : La Mal\u00e9diction du Black Pearl. Tout le cin\u00e9ma lui ouvre les portes : Love Actually (<a href=\"https:\/\/www.programme-tv.net\/news\/cinema\/366651-love-actually-keira-knightley-balance-sur-cette-scene-qui-fout-les-jetons-tournee-a-17-ans\/\" data-api-deeplink=\"teleloisirs:\/\/news\/366651\" target=\"_blank\" rel=\"noopener\">qu&rsquo;elle ne porte plus dans son c\u0153ur<\/a>), Le Roi Arthur, ou encore Domino. C&rsquo;est en revanche Orgueil et pr\u00e9jug\u00e9s qui vient changer sa vie \u00e0 jamais. \u00ab\u00a0\u00c7a a \u00e9t\u00e9 plut\u00f4t \u00e9norme pour ma carri\u00e8re. Encore aujourd\u2019hui, quand les gens viennent me voir, c\u2019est probablement le premier film qu\u2019ils \u00e9voquent. Pirates des Cara\u00efbes, qui a eu un succ\u00e8s ph\u00e9nom\u00e9nal, \u00e9tait d\u00e9j\u00e0 sorti. Mais dans l\u2019esprit du public, j\u2019\u00e9tais consid\u00e9r\u00e9e comme une mauvaise actrice. Orgueil et pr\u00e9jug\u00e9s \u00e9tait pour moi le premier film ayant eu un succ\u00e8s public et critique. Il est sorti peut-\u00eatre la m\u00eame ann\u00e9e ou \u00e0 peu pr\u00e8s \u00e0 la m\u00eame p\u00e9riode que Pirates des Cara\u00efbes : Le Secret du coffre maudit (un an avant, ndlr), et j\u2019ai re\u00e7u les pires critiques pour ce film. Parall\u00e8lement, j\u2019\u00e9tais nomm\u00e9e aux Oscars pour Orgueil et pr\u00e9jug\u00e9s. Dans ma t\u00eate de jeune femme de 20-21 ans, c\u2019\u00e9tait assez d\u00e9routant\u00a0\u00bb, se souvient-elle.<\/p>\n<p>Dans l&rsquo;Angleterre du XVIIIe si\u00e8cle, Keira Knigthley interpr\u00e8te Elizabeth \u00ab\u00a0Lizzy\u00a0\u00bb Bennet, jeune fille \u00e0 l&rsquo;esprit vif se refusant aux conventions de l&rsquo;\u00e9poque. Son r\u00f4le principal dans l&rsquo;adaptation par Joe Wright de l&rsquo;\u0153uvre majeure de Jane Austen lui vaut donc une nomination \u00e0 l&rsquo;Oscar de la meilleure actrice en 2006, devenant \u00e0 20 ans la troisi\u00e8me actrice la plus jeune nomm\u00e9e dans cette cat\u00e9gorie \u00e0 l&rsquo;\u00e9poque. C&rsquo;est finalement <a href=\"https:\/\/www.programme-tv.net\/biographie\/7319-witherspoon-reese\/\" data-link-people=\"3e4f626d-1878-4d16-842e-008b63c81266\" target=\"_blank\" rel=\"noopener\">Reese Witherspoon<\/a> qui le remportera pour Walk the Line.<\/p>\n","protected":false},"excerpt":{"rendered":"Keira Knightley interpr\u00e8te la fougueuse h\u00e9ro\u00efne de Jane Austen dans l&rsquo;adaptation cin\u00e9matographique d&rsquo;une des \u0153uvres majeures de la&hellip;\n","protected":false},"author":2,"featured_media":622002,"comment_status":"","ping_status":"","sticky":false,"template":"","format":"standard","meta":{"footnotes":""},"categories":[1354],"tags":[73158,244,58,59,1346,1011,27,73156,1360,73159,15685,73157],"class_list":{"0":"post-622001","1":"post","2":"type-post","3":"status-publish","4":"format-standard","5":"has-post-thumbnail","7":"category-films","8":"tag-carriu00e8re","9":"tag-commentaire","10":"tag-divertissement","11":"tag-entertainment","12":"tag-films","13":"tag-fr","14":"tag-france","15":"tag-keira-knightley","16":"tag-movies","17":"tag-orgueil-et-pru00e9jugu00e9s","18":"tag-oscars","19":"tag-pirates-des-carau00efbes"},"share_on_mastodon":{"url":"https:\/\/pubeurope.com\/@fr\/115781617915725245","error":""},"_links":{"self":[{"href":"https:\/\/www.europesays.com\/fr\/wp-json\/wp\/v2\/posts\/622001","targetHints":{"allow":["GET"]}}],"collection":[{"href":"https:\/\/www.europesays.com\/fr\/wp-json\/wp\/v2\/posts"}],"about":[{"href":"https:\/\/www.europesays.com\/fr\/wp-json\/wp\/v2\/types\/post"}],"author":[{"embeddable":true,"href":"https:\/\/www.europesays.com\/fr\/wp-json\/wp\/v2\/users\/2"}],"replies":[{"embeddable":true,"href":"https:\/\/www.europesays.com\/fr\/wp-json\/wp\/v2\/comments?post=622001"}],"version-history":[{"count":0,"href":"https:\/\/www.europesays.com\/fr\/wp-json\/wp\/v2\/posts\/622001\/revisions"}],"wp:featuredmedia":[{"embeddable":true,"href":"https:\/\/www.europesays.com\/fr\/wp-json\/wp\/v2\/media\/622002"}],"wp:attachment":[{"href":"https:\/\/www.europesays.com\/fr\/wp-json\/wp\/v2\/media?parent=622001"}],"wp:term":[{"taxonomy":"category","embeddable":true,"href":"https:\/\/www.europesays.com\/fr\/wp-json\/wp\/v2\/categories?post=622001"},{"taxonomy":"post_tag","embeddable":true,"href":"https:\/\/www.europesays.com\/fr\/wp-json\/wp\/v2\/tags?post=622001"}],"curies":[{"name":"wp","href":"https:\/\/api.w.org\/{rel}","templated":true}]}}