{"id":622003,"date":"2025-12-25T18:27:13","date_gmt":"2025-12-25T18:27:13","guid":{"rendered":"https:\/\/www.europesays.com\/fr\/622003\/"},"modified":"2025-12-25T18:27:13","modified_gmt":"2025-12-25T18:27:13","slug":"ce-reflexe-diminue-pourtant-drastiquement-le-risque-de-poussee-dherpes","status":"publish","type":"post","link":"https:\/\/www.europesays.com\/fr\/622003\/","title":{"rendered":"ce r\u00e9flexe diminue pourtant drastiquement le risque de pouss\u00e9e d\u2019herp\u00e8s"},"content":{"rendered":"<p>La saison des f\u00eates approche et, avec elle, le froid qui s\u2019installe sur toute la France. C\u2019est aussi la p\u00e9riode o\u00f9 bon nombre de personnes redoutent un tout autre invit\u00e9 surprise : le fameux bouton de fi\u00e8vre. Pourtant, il existe un geste pr\u00e9ventif, <strong>simple et m\u00e9connu<\/strong>, qui pourrait bien transformer l\u2019hiver de tous ceux qui craignent les d\u00e9sagr\u00e9ments de l\u2019herp\u00e8s labial. Un r\u00e9flexe qui ne fait pas encore partie de la routine de la plupart des Fran\u00e7ais, mais que certains commencent \u00e0 adopter au fil des premiers frimas.<\/p>\n<p>Les l\u00e9sions d\u2019herp\u00e8s : quand le virus frappe sans pr\u00e9venir<\/p>\n<p>Le virus de l\u2019herp\u00e8s simplex peut se faire discret durant des ann\u00e9es et ressurgir sans crier gare, souvent quand on s\u2019y attend le moins. <strong>Quelques picotements, une sensation de br\u00fblure, puis une petite v\u00e9sicule g\u00eanante<\/strong> \u2013 la sc\u00e8ne, h\u00e9las, est connue de nombreuses personnes.<\/p>\n<p>Le fl\u00e9au silencieux : pourquoi l\u2019herp\u00e8s est si courant<\/p>\n<p>En France, pr\u00e8s de <strong>90 % des adultes seraient porteurs du virus<\/strong>. Invisible la plupart du temps, il suffit d\u2019une baisse de vigilance, d\u2019un coup de froid ou d\u2019un moment de fatigue pour qu\u2019il refasse surface. Sa <a href=\"https:\/\/sciencepost.fr\/evolution-biologique-encore-effective-chez-humains\/\" target=\"_blank\" rel=\"noopener\">capacit\u00e9 \u00e0 rester endormi<\/a> puis \u00e0 se r\u00e9veiller au moment le moins opportun en fait un agent redoutable, mais surtout tr\u00e8s commun.<\/p>\n<p>Froid, stress, immunit\u00e9 : les d\u00e9clencheurs insoup\u00e7onn\u00e9s des pouss\u00e9es<\/p>\n<p><strong>Les baisses de temp\u00e9rature hivernale, le stress li\u00e9 aux pr\u00e9paratifs de No\u00ebl, la fatigue accumul\u00e9e et m\u00eame une exposition prolong\u00e9e au vent glacial<\/strong> : autant d\u2019\u00e9l\u00e9ments qui fragilisent la barri\u00e8re protectrice des l\u00e8vres et laissent le champ libre au virus. Pour beaucoup, il suffit d\u2019un trajet sans protection dans le froid ou de quelques heures d\u2019angoisse pour que les sympt\u00f4mes r\u00e9apparaissent soudainement.<\/p>\n<p>De la g\u00eane \u00e0 la douleur : vivre avec l\u2019herp\u00e8s au quotidien<\/p>\n<p>Au-del\u00e0 de la simple apparition d\u2019un bouton, l\u2019herp\u00e8s labial s\u2019accompagne de v\u00e9ritables <strong>inconforts physiques et sociaux<\/strong>. Difficile de sourire en r\u00e9union ou de profiter sereinement d\u2019un repas de No\u00ebl lorsque la douleur s\u2019invite.<\/p>\n<p>Petites blessures, gros inconfort : impact sur la vie sociale et professionnelle<\/p>\n<p>Un simple bouton de fi\u00e8vre peut vite devenir source de g\u00eane. <strong>Conversations embarrass\u00e9es, autocensure sur les photos de famille, crainte de contaminer son entourage<\/strong>\u2026 Cette affection, malgr\u00e9 sa banalit\u00e9, peut profond\u00e9ment nuire \u00e0 la confiance en soi lorsque le rythme de vie s\u2019acc\u00e9l\u00e8re en p\u00e9riode de f\u00eates.<\/p>\n<p>R\u00e9cidives \u00e0 r\u00e9p\u00e9tition : comprendre la frustration des personnes concern\u00e9es<\/p>\n<p>Nombreux sont ceux qui subissent <strong>plusieurs pouss\u00e9es d\u2019herp\u00e8s chaque hiver<\/strong>. \u00c0 chaque nouvelle r\u00e9cidive, c\u2019est le sentiment d\u2019impuissance qui s\u2019installe, avec la d\u00e9sagr\u00e9able impression d\u2019affronter un probl\u00e8me sans solution, alors m\u00eame que l\u2019on multiplie les baumes et rem\u00e8des classiques.<\/p>\n<p>Le grand oubli\u00e9 : ce r\u00e9flexe boud\u00e9 qui change tout !<\/p>\n<p>Face \u00e0 cette r\u00e9alit\u00e9, un alli\u00e9 bien connu des pharmaciens revient peu \u00e0 peu sur le devant de la sc\u00e8ne, notamment durant les vagues de froid de d\u00e9cembre : le zinc, et plus pr\u00e9cis\u00e9ment <strong>l\u2019application de cr\u00e8me barri\u00e8re \u00e0 base de zinc<\/strong> sur les l\u00e8vres d\u00e8s que le thermom\u00e8tre chute.<\/p>\n<p>Zinc, le super-h\u00e9ros sous-estim\u00e9 de l\u2019hiver<\/p>\n<p>Le zinc, souvent \u00e9voqu\u00e9 pour ses bienfaits en cas de coups de froids ou de fatigue hivernale, poss\u00e8de aussi des vertus protectrices sur la peau. <strong>Sa capacit\u00e9 \u00e0 renforcer la barri\u00e8re cutan\u00e9e, \u00e0 calmer l\u2019inflammation et \u00e0 limiter la<\/strong> <a href=\"https:\/\/sciencepost.fr\/comment-tuer-norovirus-virus-intestinal\/\" target=\"_blank\" rel=\"noopener\">prolif\u00e9ration virale<\/a> en fait un pr\u00e9cieux atout pour toutes celles et ceux qui souhaitent \u00e9chapper \u00e0 l\u2019herp\u00e8s.<\/p>\n<p>Comment une cr\u00e8me barri\u00e8re fait barrage au virus d\u00e8s les premiers froids<\/p>\n<p>Le r\u00e9flexe est simple : <strong>appliquer quotidiennement une cr\u00e8me contenant du zinc avant toute exposition au froid<\/strong>. Cette barri\u00e8re invisible va isoler les l\u00e8vres des agressions ext\u00e9rieures, pr\u00e9venir les microfissures responsables des pouss\u00e9es et emp\u00eacher le virus de trouver porte ouverte. Encore trop m\u00e9connue, cette pratique commence \u00e0 faire parler d\u2019elle dans les discussions informelles en pharmacie.<\/p>\n<p>L\u2019\u00e9tude qui casse les id\u00e9es re\u00e7ues<\/p>\n<p>Jusqu\u2019ici, peu de solutions vraiment pr\u00e9ventives avaient fait la preuve de leur efficacit\u00e9 pour les adultes sujets aux r\u00e9cidives. Mais la donne change depuis que la routine hivernale se voit enrichie d\u2019un <strong>r\u00e9flexe tout simple, dont l\u2019impact a r\u00e9cemment surpris plus d\u2019un sp\u00e9cialiste<\/strong>.<\/p>\n<p>600 participants, des r\u00e9sultats bluffants : retour sur l\u2019essai allemand<\/p>\n<p>Pendant l\u2019hiver 2025, une \u00e9tude men\u00e9e aupr\u00e8s de <strong>600 adultes en Allemagne<\/strong> a mis en lumi\u00e8re une r\u00e9alit\u00e9 m\u00e9connue : ceux ayant adopt\u00e9 l\u2019application d\u2019une cr\u00e8me barri\u00e8re \u00e0 base de zinc avant chaque exposition au froid ont vu la fr\u00e9quence de leurs pouss\u00e9es d\u2019herp\u00e8s diminuer de fa\u00e7on significative.<\/p>\n<p>R\u00e9duction de 40 % des pouss\u00e9es : que penser de cette avanc\u00e9e ?<\/p>\n<p>Les chiffres parlent d\u2019eux-m\u00eames : <strong>une baisse moyenne de 40 % de la fr\u00e9quence des \u00e9ruptions chez les utilisateurs r\u00e9guliers de la cr\u00e8me au zinc<\/strong>. Pour beaucoup de familles, c\u2019est l\u2019espoir d\u2019aborder les f\u00eates avec plus de l\u00e9g\u00e8ret\u00e9, sans subir la crainte permanente d\u2019une nouvelle infection.<\/p>\n<p>Mode d\u2019emploi : adopter le r\u00e9flexe zinc dans sa routine<\/p>\n<p>Int\u00e9grer cette nouvelle habitude \u00e0 son quotidien n\u2019a rien de compliqu\u00e9. Mieux : <strong>cela ne demande que quelques secondes chaque matin<\/strong>, avant de sortir affronter le froid.<\/p>\n<p>Choisir et appliquer sa cr\u00e8me protectrice sans prise de t\u00eate<\/p>\n<ul class=\"wp-block-list\">\n<li>Une noisette de cr\u00e8me \u00e0 base d\u2019oxyde de zinc<\/li>\n<li>\u00c0 appliquer soigneusement sur l\u2019ensemble des l\u00e8vres<\/li>\n<li>\u00c0 renouveler avant chaque sortie prolong\u00e9e dans le froid<\/li>\n<\/ul>\n<p><strong>Privil\u00e9giez une cr\u00e8me barri\u00e8re sans parfum ni colorant<\/strong>, pour \u00e9viter tout risque d\u2019irritation. Son format compact permet de l\u2019emporter facilement dans toutes les poches de manteaux.<\/p>\n<p>Les erreurs \u00e0 \u00e9viter pour une protection maximale<\/p>\n<p>Noircir ses l\u00e8vres de cr\u00e8me \u00e0 tout va n\u2019apporte rien de plus. <strong>Il vaut mieux une couche fine, bien r\u00e9partie et r\u00e9guli\u00e8re<\/strong>. \u00c9vitez de partager votre tube pour limiter les risques de contaminations crois\u00e9es, et veillez \u00e0 ne pas interrompre la routine m\u00eame les jours moins froids \u2013 le vent sec ou les variations de temp\u00e9rature peuvent aussi fragiliser les l\u00e8vres.<\/p>\n<p>Vers un hiver plus serein : la solution \u00e0 la port\u00e9e de tous<\/p>\n<p>Adopter ce geste de protection, c\u2019est s\u2019offrir <strong>la tranquillit\u00e9 d\u2019un hiver sans mauvaise surprise<\/strong>, et retrouver le plaisir de profiter en famille, sans avoir \u00e0 se cacher ou renoncer \u00e0 embrasser ses proches.<\/p>\n<p>Les b\u00e9n\u00e9fices concrets au quotidien<\/p>\n<p>Moins de boutons, moins de g\u00eane, <strong>plus d\u2019assurance et d\u2019envie de profiter pleinement<\/strong> tout au long des vacances de No\u00ebl : voil\u00e0 la promesse de ce r\u00e9flexe simple mais efficace.<\/p>\n<p>Vers une vulgarisation du geste : et maintenant, \u00e0 qui le tour ?<\/p>\n<p>En cette fin d\u2019ann\u00e9e, alors que la pr\u00e9vention gagne du terrain face aux virus hivernaux, <strong>il y a fort \u00e0 parier que ce r\u00e9flexe \u00ab\u00a0zinc\u00a0\u00bb deviendra rapidement incontournable<\/strong>, surtout aupr\u00e8s des personnes ayant d\u00e9j\u00e0 souffert d\u2019herp\u00e8s labial lors des premiers froids.<\/p>\n<p>R\u00e9capitulatif et nouveaux horizons : pour une pr\u00e9vention toujours plus fut\u00e9e<\/p>\n<p>Prot\u00e9ger ses l\u00e8vres avec une cr\u00e8me barri\u00e8re enrichie en zinc avant chaque exposition au froid offre une diminution r\u00e9elle du risque de pouss\u00e9e d\u2019herp\u00e8s. <strong>Simple \u00e0 mettre en place, ce geste pr\u00e9ventif pourrait bien s\u2019imposer comme un nouveau standard<\/strong>. \u00c0 l\u2019image de cette astuce, d\u2019autres pistes de pr\u00e9vention m\u00e9riteraient d\u2019\u00eatre explor\u00e9es pour aborder chaque hiver avec davantage de s\u00e9r\u00e9nit\u00e9 et de confiance.<\/p>\n","protected":false},"excerpt":{"rendered":"La saison des f\u00eates approche et, avec elle, le froid qui s\u2019installe sur toute la France. C\u2019est aussi&hellip;\n","protected":false},"author":2,"featured_media":622004,"comment_status":"","ping_status":"","sticky":false,"template":"","format":"standard","meta":{"footnotes":""},"categories":[10],"tags":[1011,27,72,71],"class_list":{"0":"post-622003","1":"post","2":"type-post","3":"status-publish","4":"format-standard","5":"has-post-thumbnail","7":"category-sante","8":"tag-fr","9":"tag-france","10":"tag-health","11":"tag-sante"},"share_on_mastodon":{"url":"https:\/\/pubeurope.com\/@fr\/115781621785545174","error":""},"_links":{"self":[{"href":"https:\/\/www.europesays.com\/fr\/wp-json\/wp\/v2\/posts\/622003","targetHints":{"allow":["GET"]}}],"collection":[{"href":"https:\/\/www.europesays.com\/fr\/wp-json\/wp\/v2\/posts"}],"about":[{"href":"https:\/\/www.europesays.com\/fr\/wp-json\/wp\/v2\/types\/post"}],"author":[{"embeddable":true,"href":"https:\/\/www.europesays.com\/fr\/wp-json\/wp\/v2\/users\/2"}],"replies":[{"embeddable":true,"href":"https:\/\/www.europesays.com\/fr\/wp-json\/wp\/v2\/comments?post=622003"}],"version-history":[{"count":0,"href":"https:\/\/www.europesays.com\/fr\/wp-json\/wp\/v2\/posts\/622003\/revisions"}],"wp:featuredmedia":[{"embeddable":true,"href":"https:\/\/www.europesays.com\/fr\/wp-json\/wp\/v2\/media\/622004"}],"wp:attachment":[{"href":"https:\/\/www.europesays.com\/fr\/wp-json\/wp\/v2\/media?parent=622003"}],"wp:term":[{"taxonomy":"category","embeddable":true,"href":"https:\/\/www.europesays.com\/fr\/wp-json\/wp\/v2\/categories?post=622003"},{"taxonomy":"post_tag","embeddable":true,"href":"https:\/\/www.europesays.com\/fr\/wp-json\/wp\/v2\/tags?post=622003"}],"curies":[{"name":"wp","href":"https:\/\/api.w.org\/{rel}","templated":true}]}}