{"id":622013,"date":"2025-12-25T18:34:12","date_gmt":"2025-12-25T18:34:12","guid":{"rendered":"https:\/\/www.europesays.com\/fr\/622013\/"},"modified":"2025-12-25T18:34:12","modified_gmt":"2025-12-25T18:34:12","slug":"plusieurs-departements-places-en-vigilance-orange-pluie-inondation","status":"publish","type":"post","link":"https:\/\/www.europesays.com\/fr\/622013\/","title":{"rendered":"Plusieurs d\u00e9partements plac\u00e9s en vigilance orange pluie-inondation"},"content":{"rendered":"<p>Apr\u00e8s l\u2019<a href=\"https:\/\/www.20minutes.fr\/societe\/herault\/\" class=\"c-link c-link--is-underlined\" target=\"_blank\" rel=\"noopener\">H\u00e9rault<\/a>, la vigilance pluie change de territoire. <a href=\"https:\/\/www.20minutes.fr\/dossier\/meteo_france\" class=\"c-link c-link--is-underlined\" target=\"_blank\" rel=\"noopener\">M\u00e9t\u00e9o-France<\/a> a renforc\u00e9 sa vigilance ce jeudi, pla\u00e7ant les <a href=\"https:\/\/www.20minutes.fr\/dossier\/pyrenees_orientales\" class=\"c-link c-link--is-underlined\" target=\"_blank\" rel=\"noopener\">Pyr\u00e9n\u00e9es-Orientales<\/a> et la <a href=\"https:\/\/www.20minutes.fr\/dossier\/haute-corse\" class=\"c-link c-link--is-underlined\" target=\"_blank\" rel=\"noopener\">Haute-Corse<\/a> en vigilance orange pluie-inondation en raison d\u2019un \u00e9pisode pluvieux durable attendu en <a href=\"https:\/\/www.20minutes.fr\/dossier\/mediterranee\" class=\"c-link c-link--is-underlined\" target=\"_blank\" rel=\"noopener\">M\u00e9diterran\u00e9e<\/a>. Les Pyr\u00e9n\u00e9es-Orientales basculeront en orange \u00e0 partir de 22 heures, tandis que la Haute-Corse est concern\u00e9e d\u00e8s 18 heures.<\/p>\n<p>Un flux d\u2019est perturb\u00e9 continue d\u2019apporter des pluies soutenues, parfois orageuses, sur ces territoires d\u00e9j\u00e0 fragilis\u00e9s par des sols satur\u00e9s, notamment en Corse. En Haute-Corse, il est d\u00e9j\u00e0 tomb\u00e9 jusqu\u2019\u00e0 80\u00a0mm de pluie en douze heures, et les cumuls pourraient atteindre 120 \u00e0 150\u00a0mm d\u2019ici vendredi.<\/p>\n<p>Une aggravation de la vigilance reste possible<\/p>\n<p>Dans les Pyr\u00e9n\u00e9es-Orientales, les pr\u00e9cipitations devraient se renforcer en soir\u00e9e et se prolonger toute la journ\u00e9e de vendredi. Les cumuls attendus sont importants, avec 100 \u00e0 150\u00a0mm, voire jusqu\u2019\u00e0 200\u00a0mm localement sur la plaine du Roussillon et le massif des Corbi\u00e8res. Des intensit\u00e9s de 15 \u00e0 30\u00a0mm en une heure sont possibles.<\/p>\n<\/p>\n<p>M\u00e9t\u00e9o-France n\u2019exclut pas une aggravation de la vigilance dans l\u2019Aude, d\u00e9j\u00e0 concern\u00e9e par une vigilance orange crues, ni un passage en vigilance orange vagues-submersion vendredi sur le littoral des Pyr\u00e9n\u00e9es-Orientales. Par ailleurs, de fortes chutes de neige sont attendues au-dessus de 1.500 m\u00e8tres sur le massif du Canigou, pouvant conduire \u00e0 un rel\u00e8vement de la vigilance avalanches. Les autorit\u00e9s appellent \u00e0 la plus grande prudence et recommandent, comme d\u2019habitude, de se tenir inform\u00e9 de l\u2019\u00e9volution de la situation m\u00e9t\u00e9orologique.<\/p>\n","protected":false},"excerpt":{"rendered":"Apr\u00e8s l\u2019H\u00e9rault, la vigilance pluie change de territoire. M\u00e9t\u00e9o-France a renforc\u00e9 sa vigilance ce jeudi, pla\u00e7ant les Pyr\u00e9n\u00e9es-Orientales&hellip;\n","protected":false},"author":2,"featured_media":622014,"comment_status":"","ping_status":"","sticky":false,"template":"","format":"standard","meta":{"footnotes":""},"categories":[4],"tags":[11,4086,2517,1011,27,1099,4458,2681,2487,2357,12,2680,52,4459,11548,25,27202],"class_list":{"0":"post-622013","1":"post","2":"type-post","3":"status-publish","4":"format-standard","5":"has-post-thumbnail","7":"category-france","8":"tag-actualites","9":"tag-aude","10":"tag-corse","11":"tag-fr","12":"tag-france","13":"tag-haute-corse","14":"tag-inondation","15":"tag-languedoc-roussillon","16":"tag-meteo","17":"tag-meteo-france","18":"tag-news","19":"tag-occitanie","20":"tag-planete","21":"tag-pluie","22":"tag-pyrenees-orientales","23":"tag-republique-francaise","24":"tag-vigilance-orange"},"share_on_mastodon":{"url":"https:\/\/pubeurope.com\/@fr\/115781649345500624","error":""},"_links":{"self":[{"href":"https:\/\/www.europesays.com\/fr\/wp-json\/wp\/v2\/posts\/622013","targetHints":{"allow":["GET"]}}],"collection":[{"href":"https:\/\/www.europesays.com\/fr\/wp-json\/wp\/v2\/posts"}],"about":[{"href":"https:\/\/www.europesays.com\/fr\/wp-json\/wp\/v2\/types\/post"}],"author":[{"embeddable":true,"href":"https:\/\/www.europesays.com\/fr\/wp-json\/wp\/v2\/users\/2"}],"replies":[{"embeddable":true,"href":"https:\/\/www.europesays.com\/fr\/wp-json\/wp\/v2\/comments?post=622013"}],"version-history":[{"count":0,"href":"https:\/\/www.europesays.com\/fr\/wp-json\/wp\/v2\/posts\/622013\/revisions"}],"wp:featuredmedia":[{"embeddable":true,"href":"https:\/\/www.europesays.com\/fr\/wp-json\/wp\/v2\/media\/622014"}],"wp:attachment":[{"href":"https:\/\/www.europesays.com\/fr\/wp-json\/wp\/v2\/media?parent=622013"}],"wp:term":[{"taxonomy":"category","embeddable":true,"href":"https:\/\/www.europesays.com\/fr\/wp-json\/wp\/v2\/categories?post=622013"},{"taxonomy":"post_tag","embeddable":true,"href":"https:\/\/www.europesays.com\/fr\/wp-json\/wp\/v2\/tags?post=622013"}],"curies":[{"name":"wp","href":"https:\/\/api.w.org\/{rel}","templated":true}]}}