{"id":622019,"date":"2025-12-25T18:37:16","date_gmt":"2025-12-25T18:37:16","guid":{"rendered":"https:\/\/www.europesays.com\/fr\/622019\/"},"modified":"2025-12-25T18:37:16","modified_gmt":"2025-12-25T18:37:16","slug":"ce-quen-pensent-les-stephanois","status":"publish","type":"post","link":"https:\/\/www.europesays.com\/fr\/622019\/","title":{"rendered":"ce qu\u2019en pensent les St\u00e9phanois"},"content":{"rendered":"<p>C\u2019est un secret pour personne, le prix de l\u2019immobilier \u00e0 Saint-\u00c9tienne est tr\u00e8s avantageux\u00a0: c\u2019est m\u00eame le moins cher des villes de France\u00a0! Le m\u00b2 dans la ville aux sept collines co\u00fbte en moyenne 1\u00a0226\u00a0euros, trois euros de moins que Mulhouse, qui occupe la t\u00eate du classement emploi\/logement.<\/p>\n<p>Du c\u00f4t\u00e9 de Rouen, qui occupe la 3e place du classement, l\u2019\u00e9cart est pourtant abyssal avec 2\u00a0456\u00a0euros le m\u00b2. Selon le barom\u00e8tre, la capacit\u00e9 d\u2019emprunt moyenne sur vingt ans est de 131\u00a0667\u00a0\u20ac et un St\u00e9phanois en CDI peut pr\u00e9tendre \u00e0 un logement de 107\u00a0m\u00b2. Ces donn\u00e9es, tr\u00e8s satisfaisantes, ont permis \u00e0 la ville de grimper de cinq places dans le classement par rapport \u00e0 l\u2019\u00e9dition de l\u2019ann\u00e9e derni\u00e8re.<\/p>\n<p>Du c\u00f4t\u00e9 de l\u2019emploi, le pourcentage d\u2019offres en CDI pour 100 habitants est de 5\u00a0%. Sur les 20\u00a0643 offres d\u2019emploi publi\u00e9es sur M\u00e9t\u00e9ojob, 40\u00a0% proposent un&#8230;<\/p>\n","protected":false},"excerpt":{"rendered":"C\u2019est un secret pour personne, le prix de l\u2019immobilier \u00e0 Saint-\u00c9tienne est tr\u00e8s avantageux\u00a0: c\u2019est m\u00eame le moins&hellip;\n","protected":false},"author":2,"featured_media":622020,"comment_status":"","ping_status":"","sticky":false,"template":"","format":"standard","meta":{"footnotes":""},"categories":[9653],"tags":[1111,11,2430,33,7539,341,1777,674,107,1011,27,1116,3367,12,25,4001,7538,801],"class_list":{"0":"post-622019","1":"post","2":"type-post","3":"status-publish","4":"format-standard","5":"has-post-thumbnail","7":"category-saint-etienne","8":"tag-actu","9":"tag-actualites","10":"tag-auvergne-rhone-alpes","11":"tag-economie","12":"tag-edition-loire-sud","13":"tag-emploi","14":"tag-eu","15":"tag-europe","16":"tag-fil-info","17":"tag-fr","18":"tag-france","19":"tag-immobilier","20":"tag-loire","21":"tag-news","22":"tag-republique-francaise","23":"tag-saint-etienne","24":"tag-saint-etienne-ville","25":"tag-social"},"share_on_mastodon":{"url":"https:\/\/pubeurope.com\/@fr\/115781661051946004","error":""},"_links":{"self":[{"href":"https:\/\/www.europesays.com\/fr\/wp-json\/wp\/v2\/posts\/622019","targetHints":{"allow":["GET"]}}],"collection":[{"href":"https:\/\/www.europesays.com\/fr\/wp-json\/wp\/v2\/posts"}],"about":[{"href":"https:\/\/www.europesays.com\/fr\/wp-json\/wp\/v2\/types\/post"}],"author":[{"embeddable":true,"href":"https:\/\/www.europesays.com\/fr\/wp-json\/wp\/v2\/users\/2"}],"replies":[{"embeddable":true,"href":"https:\/\/www.europesays.com\/fr\/wp-json\/wp\/v2\/comments?post=622019"}],"version-history":[{"count":0,"href":"https:\/\/www.europesays.com\/fr\/wp-json\/wp\/v2\/posts\/622019\/revisions"}],"wp:featuredmedia":[{"embeddable":true,"href":"https:\/\/www.europesays.com\/fr\/wp-json\/wp\/v2\/media\/622020"}],"wp:attachment":[{"href":"https:\/\/www.europesays.com\/fr\/wp-json\/wp\/v2\/media?parent=622019"}],"wp:term":[{"taxonomy":"category","embeddable":true,"href":"https:\/\/www.europesays.com\/fr\/wp-json\/wp\/v2\/categories?post=622019"},{"taxonomy":"post_tag","embeddable":true,"href":"https:\/\/www.europesays.com\/fr\/wp-json\/wp\/v2\/tags?post=622019"}],"curies":[{"name":"wp","href":"https:\/\/api.w.org\/{rel}","templated":true}]}}