{"id":622033,"date":"2025-12-25T19:00:01","date_gmt":"2025-12-25T19:00:01","guid":{"rendered":"https:\/\/www.europesays.com\/fr\/622033\/"},"modified":"2025-12-25T19:00:01","modified_gmt":"2025-12-25T19:00:01","slug":"un-homme-de-71-ans-hospitalise-apres-un-feu-domestique","status":"publish","type":"post","link":"https:\/\/www.europesays.com\/fr\/622033\/","title":{"rendered":"un homme de 71 ans hospitalis\u00e9 apr\u00e8s un feu domestique"},"content":{"rendered":"<p>\n\t\t\t\t\t\t\t\t\t\t\t\t\t22 D\u00e9cembre 2025\n\t\t\t\t\t\t\t\t\t\t\t\t<\/p>\n<p>\t\t\t\t\t\t\t\t\t\t\t<img decoding=\"async\" src=\"https:\/\/www.europesays.com\/fr\/wp-content\/uploads\/2025\/12\/1280x720_694906099bff3-54823854977-4e991c4d03-o.jpg\" alt=\"Seyssinet-Pariset : un homme de 71 ans hospitalis\u00e9 apr\u00e8s un feu domestique\" title=\"Seyssinet-Pariset : un homme de 71 ans hospitalis\u00e9 apr\u00e8s un feu domestique\" width=\"1280\" height=\"720\" class=\"img-fluid  mb-3\" loading=\"lazy\"\/>\t\t\t\t\t\t\t\t\t\t\t<\/p>\n<p itemprop=\"description\"><strong>Un d\u00e9but d\u2019incendie survenu dimanche soir dans un logement de Seyssinet-Pariset a fait un bless\u00e9 l\u00e9ger, rapidement pris en charge par les secours.<\/strong><\/p>\n<p>\t\t\t\t\tUn incendie s\u2019est d\u00e9clar\u00e9 dimanche en d\u00e9but de soir\u00e9e dans un appartement situ\u00e9 rue de Comboire, \u00e0 Seyssinet-Pariset. Le feu,\u2026\t\t\t\t\t\t\t\t\t\t\t\t\t\t\t\t\t\t\t\t\t\t<\/p>\n<p><a class=\"trans-button\" href=\"https:\/\/www.grenoblemag.com\/article\/2437\/seyssinet-pariset-un-homme-de-71-ans-hospitalise-apres-un-feu-domestique\" title=\"Seyssinet-Pariset : un homme de 71 ans hospitalis\u00e9 apr\u00e8s un feu domestique\" target=\"_blank\" rel=\"noopener\"><br \/>\n\t\t\t\t\t\t\t\tLire la suite de l&rsquo;article sur Grenoblemag \u00bb<br \/>\n\t\t\t\t\t\t\t<\/a>\n\t\t\t\t\t\t\t\t\t<\/p>\n","protected":false},"excerpt":{"rendered":"22 D\u00e9cembre 2025 Un d\u00e9but d\u2019incendie survenu dimanche soir dans un logement de Seyssinet-Pariset a fait un bless\u00e9&hellip;\n","protected":false},"author":2,"featured_media":622034,"comment_status":"","ping_status":"","sticky":false,"template":"","format":"standard","meta":{"footnotes":""},"categories":[9566],"tags":[1111,66200,11,7733,66196,66213,66211,8279,2430,650,7734,66204,1777,674,66207,1011,27,66206,2731,66203,66201,4662,66212,66209,66202,12,1825,66205,66197,66198,66199,25,66208,66210],"class_list":{"0":"post-622033","1":"post","2":"type-post","3":"status-publish","4":"format-standard","5":"has-post-thumbnail","7":"category-grenoble","8":"tag-actu","9":"tag-actualite-grenoble","10":"tag-actualites","11":"tag-alpes","12":"tag-alpes-1-grenoble","13":"tag-alpes-de-hautes-provence-et-hautes-alpes","14":"tag-alpes-de-huez","15":"tag-alpes1","16":"tag-auvergne-rhone-alpes","17":"tag-cinema","18":"tag-ecoute","19":"tag-ecouter-alpes-1-grenoble","20":"tag-eu","21":"tag-europe","22":"tag-evenements-grenoble","23":"tag-fr","24":"tag-france","25":"tag-frequence-alpes-1-grenoble","26":"tag-grenoble","27":"tag-hits-grenoble","28":"tag-info-grenoble","29":"tag-journal","30":"tag-les-2-alpes","31":"tag-meteo-grenoble","32":"tag-musique-grenoble","33":"tag-news","34":"tag-radio","35":"tag-radio-en-ligne-grenoble","36":"tag-radio-grenoble","37":"tag-radio-isere","38":"tag-radio-locale-grenoble","39":"tag-republique-francaise","40":"tag-sorties-grenoble","41":"tag-trafic-grenoble"},"share_on_mastodon":{"url":"","error":""},"_links":{"self":[{"href":"https:\/\/www.europesays.com\/fr\/wp-json\/wp\/v2\/posts\/622033","targetHints":{"allow":["GET"]}}],"collection":[{"href":"https:\/\/www.europesays.com\/fr\/wp-json\/wp\/v2\/posts"}],"about":[{"href":"https:\/\/www.europesays.com\/fr\/wp-json\/wp\/v2\/types\/post"}],"author":[{"embeddable":true,"href":"https:\/\/www.europesays.com\/fr\/wp-json\/wp\/v2\/users\/2"}],"replies":[{"embeddable":true,"href":"https:\/\/www.europesays.com\/fr\/wp-json\/wp\/v2\/comments?post=622033"}],"version-history":[{"count":0,"href":"https:\/\/www.europesays.com\/fr\/wp-json\/wp\/v2\/posts\/622033\/revisions"}],"wp:featuredmedia":[{"embeddable":true,"href":"https:\/\/www.europesays.com\/fr\/wp-json\/wp\/v2\/media\/622034"}],"wp:attachment":[{"href":"https:\/\/www.europesays.com\/fr\/wp-json\/wp\/v2\/media?parent=622033"}],"wp:term":[{"taxonomy":"category","embeddable":true,"href":"https:\/\/www.europesays.com\/fr\/wp-json\/wp\/v2\/categories?post=622033"},{"taxonomy":"post_tag","embeddable":true,"href":"https:\/\/www.europesays.com\/fr\/wp-json\/wp\/v2\/tags?post=622033"}],"curies":[{"name":"wp","href":"https:\/\/api.w.org\/{rel}","templated":true}]}}