{"id":622035,"date":"2025-12-25T19:02:25","date_gmt":"2025-12-25T19:02:25","guid":{"rendered":"https:\/\/www.europesays.com\/fr\/622035\/"},"modified":"2025-12-25T19:02:25","modified_gmt":"2025-12-25T19:02:25","slug":"isere-cette-petite-station-de-ski-des-alpes-au-bord-de-la-fermeture-a-finalement-ouvert","status":"publish","type":"post","link":"https:\/\/www.europesays.com\/fr\/622035\/","title":{"rendered":"Is\u00e8re. Cette petite station de ski des Alpes au bord de la fermeture a finalement ouvert"},"content":{"rendered":"<p>                    Par<br \/>\n        <strong><br \/>\n            <a href=\"https:\/\/actu.fr\/auteur\/redaction-grenoble\" title=\"Consulter tous les articles de R\u00e9daction Grenoble\" target=\"_blank\" rel=\"noopener\">R\u00e9daction Grenoble<\/a><br \/>\n                    <\/strong><\/p>\n<p>        Publi\u00e9 le<\/p>\n<p>            25 d\u00e9c. 2025 \u00e0 8h10        <\/p>\n<p>Cela fait un peu moins d\u2019une semaine que la <strong>station de l\u2019Alpe du Grand Serre<\/strong>, \u00e0 une heure de <a href=\"https:\/\/actu.fr\/auvergne-rhone-alpes\/grenoble_38185\" target=\"_blank\" rel=\"noopener\">Grenoble<\/a>, a rouvert pour la saison de ski. <strong>Une ouverture qui n\u2019\u00e9tait pas garantie<\/strong> il y a encore quelques semaines.<\/p>\n<p class=\" wall-content\">Car depuis des mois, cette station familiale de moyenne montagne est <a href=\"https:\/\/actu.fr\/auvergne-rhone-alpes\/la-morte_38264\/alpes-pour-sauver-cette-station-de-ski-en-peril-un-gigantesque-projet-divise_61501711.html\" target=\"_blank\" rel=\"noopener\">menac\u00e9e de fermeture<\/a>, faute d\u2019avoir trouv\u00e9 une solution p\u00e9renne pour le financement \u00e0 long terme de l\u2019exploitation de l\u2019Alpe du Grand Serre.<\/p>\n<p class=\" wall-content\">Et ce, malgr\u00e9 une derni\u00e8re saison \u00ab\u00a0record\u00a0\u00bb, comme l\u2019expliquait <a href=\"https:\/\/actu.fr\/auvergne-rhone-alpes\/la-morte_38264\/isere-cette-station-des-alpes-menacee-pourrait-finalement-ouvrir-cet-hiver-on-va-se-battre_63233708.html\" target=\"_blank\" rel=\"noopener\">il y a quelques semaines<\/a> \u00e0 actu Grenoble Fabrice Boutet, directeur g\u00e9n\u00e9ral de SATA Group, exploitant des remont\u00e9es m\u00e9caniques de la station.<\/p>\n<p>Une aubaine \u00e9conomique pour le territoire<\/p>\n<p class=\" wall-content\">C\u2019est finalement apr\u00e8s une ultime offre du groupe SATA \u2013 qui g\u00e8re \u00e9galement les remont\u00e9es m\u00e9caniques des <a href=\"https:\/\/actu.fr\/auvergne-rhone-alpes\/les-deux-alpes_38253\/alpes-de-la-neige-en-tres-forte-quantite-dans-cette-station-la-saison-de-ski-commence-samedi_63491250.html\" target=\"_blank\" rel=\"noopener\">Deux Alpes<\/a> \u2013 que l\u2019Alpe du Grand Serre a pu rouvrir cette saison. L\u2019entreprise a propos\u00e9 \u00e0 la communaut\u00e9 de communes de la Matheysine d\u2019\u00e9ponger un \u00e9ventuel d\u00e9ficit pour prolonger l\u2019exploitation.<\/p>\n<p class=\" wall-content\">\u00ab\u00a0Il faut nous laisser nous r\u00e9inventer, mais il faut du temps\u00a0\u00bb, plaide Raymond Maslo, maire de la commune de La Morte o\u00f9 se trouve la station, qui compte 158 habitants permanents et 560 r\u00e9sidences secondaires.<\/p>\n<p class=\" wall-content\">Les remont\u00e9es m\u00e9caniques r\u00e9alisent 95% de leur chiffre d\u2019affaires en hiver, estime l\u2019\u00e9dile, quand \u00ab\u00a01 \u20ac d\u00e9pens\u00e9 sur un forfait de ski, c\u2019est un peu plus de <strong>10 \u20ac de retomb\u00e9es \u00e9conomiques<\/strong> sur le territoire\u00a0\u00bb.<\/p>\n<p>Votre r\u00e9gion, votre actu !<\/p>\n<p>Recevez chaque jour les infos qui comptent pour vous.<\/p>\n<p>\t<a href=\"https:\/\/actu.fr\/newsletter\" class=\"ac-btn ac-btn--corner ac-btn--medium ac-btn--blue800\" target=\"_blank\" rel=\"noopener\">S&rsquo;incrire<\/a><br \/>\n\u00ab\u00a0On navigue \u00e0 vue\u00a0\u00bb<\/p>\n<p class=\" wall-content\">Du c\u00f4t\u00e9 des skieurs, cette r\u00e9ouverture est largement salu\u00e9e. L\u2019Alpe du Grand Serre \u00ab\u00a0fait partie de la famille\u00a0\u00bb, assure R\u00e9gis, r\u00e9sident de La Mure, commune situ\u00e9e \u00e0 une vingtaine de kilom\u00e8tres de l\u00e0. \u00ab\u00a0<strong>\u00c7a fait mal de savoir que \u00e7a pourrait ne pas repartir<\/strong>. On croise les doigts.\u00a0\u00bb<\/p>\n<p class=\" wall-content\">En haut de la piste, un groupe de jeunes skieurs et leur moniteur descendent du t\u00e9l\u00e9si\u00e8ge.<br \/>\u00ab\u00a0Tous les scolaires du plateau matheysin et de la vall\u00e9e de la Romanche ont attendu la d\u00e9cision finale, ils sont tous rest\u00e9s l\u00e0. Et ils nous ont dit que le ski scolaire allait s\u2019arr\u00eater si la station s\u2019arr\u00eatait\u00a0\u00bb, rapporte \u00e0 l\u2019AFP Florent Battistel, directeur de l\u2019ESF de l\u2019Alpe du Grand Serre.<\/p>\n<p class=\" wall-content\">Dans son magasin de location de mat\u00e9riel de ski, Lionel Vincent est \u00e0 la fois soulag\u00e9 et fatigu\u00e9. \u00ab\u00a0\u00c7a va faire un an et demi, deux ans que \u00e7a dure. <strong>C\u2019est usant<\/strong>. On navigue \u00e0 vue, c\u2019est tr\u00e8s compliqu\u00e9.\u00a0\u00bb Surtout qu\u2019il l\u2019assure, \u00ab\u00a0on a encore besoin du ski pour passer petit \u00e0 petit vers des activit\u00e9s printemps-\u00e9t\u00e9.\u00a0\u00bb<\/p>\n<p>Un changement probable d\u2019exploitant\u00a0<\/p>\n<p class=\" wall-content\">Il s\u2019agit de l\u2019ultime saison de la station de l\u2019Alpe du Grand Serre sous l\u2019\u00e9gide de la communaut\u00e9 de communes, dans l\u2019attente d\u2019un <strong>\u00e9ventuel transfert de comp\u00e9tences<\/strong>. Car en mars dernier, la pr\u00e9sidente de la collectivit\u00e9, Coraline Saurat, a\u00a0 lanc\u00e9 une proc\u00e9dure de d\u00e9l\u00e9gation de service public (DSP).<\/p>\n<p class=\" wall-content\">Proc\u00e9dure sur laquelle SATA Group compte bien se positionner. \u00ab\u00a0Quand le repreneur d\u00e9sign\u00e9 lancera son appel \u00e0 candidatures, vous pouvez \u00eatre s\u00fbrs qu\u2019on fera tout pour y r\u00e9pondre\u00a0\u00bb, assurait dans une pr\u00e9c\u00e9dente interview \u00e0 la r\u00e9daction Fabrice Boutet.<\/p>\n<p class=\" wall-content\"><strong>Avec AFP<\/strong><\/p>\n<p class=\" wall-content\">Personnalisez votre actualit\u00e9 en ajoutant vos villes et m\u00e9dias en favori avec <a href=\"https:\/\/moncompte.actu.fr\" title=\"D\u00e9couvez Mon Actu\" rel=\"nofollow noopener\" data-trk=\"{&quot;cta&quot;:{&quot;action&quot;:&quot;https:\\\/\\\/moncompte.actu.fr&quot;,&quot;category&quot;:&quot;mon compte&quot;,&quot;from&quot;:&quot;article footer&quot;,&quot;name&quot;:&quot;Mon actu&quot;,&quot;type&quot;:&quot;cta&quot;}}\" target=\"_blank\">Mon Actu<\/a>.<\/p>\n","protected":false},"excerpt":{"rendered":"Par R\u00e9daction Grenoble Publi\u00e9 le 25 d\u00e9c. 2025 \u00e0 8h10 Cela fait un peu moins d\u2019une semaine que&hellip;\n","protected":false},"author":2,"featured_media":622036,"comment_status":"","ping_status":"","sticky":false,"template":"","format":"standard","meta":{"footnotes":""},"categories":[9566],"tags":[1111,11,2430,1777,674,1011,27,2731,5324,12,25,4129,104],"class_list":{"0":"post-622035","1":"post","2":"type-post","3":"status-publish","4":"format-standard","5":"has-post-thumbnail","7":"category-grenoble","8":"tag-actu","9":"tag-actualites","10":"tag-auvergne-rhone-alpes","11":"tag-eu","12":"tag-europe","13":"tag-fr","14":"tag-france","15":"tag-grenoble","16":"tag-montagne","17":"tag-news","18":"tag-republique-francaise","19":"tag-ski","20":"tag-societe"},"share_on_mastodon":{"url":"https:\/\/pubeurope.com\/@fr\/115781759316920992","error":""},"_links":{"self":[{"href":"https:\/\/www.europesays.com\/fr\/wp-json\/wp\/v2\/posts\/622035","targetHints":{"allow":["GET"]}}],"collection":[{"href":"https:\/\/www.europesays.com\/fr\/wp-json\/wp\/v2\/posts"}],"about":[{"href":"https:\/\/www.europesays.com\/fr\/wp-json\/wp\/v2\/types\/post"}],"author":[{"embeddable":true,"href":"https:\/\/www.europesays.com\/fr\/wp-json\/wp\/v2\/users\/2"}],"replies":[{"embeddable":true,"href":"https:\/\/www.europesays.com\/fr\/wp-json\/wp\/v2\/comments?post=622035"}],"version-history":[{"count":0,"href":"https:\/\/www.europesays.com\/fr\/wp-json\/wp\/v2\/posts\/622035\/revisions"}],"wp:featuredmedia":[{"embeddable":true,"href":"https:\/\/www.europesays.com\/fr\/wp-json\/wp\/v2\/media\/622036"}],"wp:attachment":[{"href":"https:\/\/www.europesays.com\/fr\/wp-json\/wp\/v2\/media?parent=622035"}],"wp:term":[{"taxonomy":"category","embeddable":true,"href":"https:\/\/www.europesays.com\/fr\/wp-json\/wp\/v2\/categories?post=622035"},{"taxonomy":"post_tag","embeddable":true,"href":"https:\/\/www.europesays.com\/fr\/wp-json\/wp\/v2\/tags?post=622035"}],"curies":[{"name":"wp","href":"https:\/\/api.w.org\/{rel}","templated":true}]}}