{"id":622037,"date":"2025-12-25T19:05:18","date_gmt":"2025-12-25T19:05:18","guid":{"rendered":"https:\/\/www.europesays.com\/fr\/622037\/"},"modified":"2025-12-25T19:05:18","modified_gmt":"2025-12-25T19:05:18","slug":"rennes-retour-express-pour-ce-pret-deja-rate-en-serie-a","status":"publish","type":"post","link":"https:\/\/www.europesays.com\/fr\/622037\/","title":{"rendered":"Rennes : retour express pour ce pr\u00eat d\u00e9j\u00e0 rat\u00e9 en Serie A ?"},"content":{"rendered":"<p>\u00c0 peine arriv\u00e9 en Italie, il pourrait d\u00e9j\u00e0 faire ses valises. Pr\u00eat\u00e9 cet \u00e9t\u00e9 au Genoa, Albert Gr\u00f8nb\u00e6k ne donne pas satisfaction et son avenir s\u2019\u00e9crit d\u00e9j\u00e0 en pointill\u00e9s.<\/p>\n<p>Selon le journaliste Nicolo Schira, Genoa envisage de mettre fin au pr\u00eat du milieu danois d\u00e8s cet hiver. Tr\u00e8s peu utilis\u00e9 en Serie A, l\u2019ancien joueur du Stade Rennais n\u2019a disput\u00e9 que quelques apparitions depuis le d\u00e9but de la saison, insuffisantes pour convaincre le club italien.<\/p>\n<p>Un retour anticip\u00e9 en Bretagne se profile donc, laissant planer une question majeure : Stade Rennais et Habib Beye seront-ils pr\u00eats \u00e0 relancer un joueur en manque de confiance et de continuit\u00e9 apr\u00e8s deux pr\u00eats cons\u00e9cutifs peu concluants ?<\/p>\n","protected":false},"excerpt":{"rendered":"\u00c0 peine arriv\u00e9 en Italie, il pourrait d\u00e9j\u00e0 faire ses valises. Pr\u00eat\u00e9 cet \u00e9t\u00e9 au Genoa, Albert Gr\u00f8nb\u00e6k&hellip;\n","protected":false},"author":2,"featured_media":622038,"comment_status":"","ping_status":"","sticky":false,"template":"","format":"standard","meta":{"footnotes":""},"categories":[2821],"tags":[1111,11,829,1777,674,1011,27,12,584,25],"class_list":{"0":"post-622037","1":"post","2":"type-post","3":"status-publish","4":"format-standard","5":"has-post-thumbnail","7":"category-rennes","8":"tag-actu","9":"tag-actualites","10":"tag-bretagne","11":"tag-eu","12":"tag-europe","13":"tag-fr","14":"tag-france","15":"tag-news","16":"tag-rennes","17":"tag-republique-francaise"},"share_on_mastodon":{"url":"https:\/\/pubeurope.com\/@fr\/115781771196434396","error":""},"_links":{"self":[{"href":"https:\/\/www.europesays.com\/fr\/wp-json\/wp\/v2\/posts\/622037","targetHints":{"allow":["GET"]}}],"collection":[{"href":"https:\/\/www.europesays.com\/fr\/wp-json\/wp\/v2\/posts"}],"about":[{"href":"https:\/\/www.europesays.com\/fr\/wp-json\/wp\/v2\/types\/post"}],"author":[{"embeddable":true,"href":"https:\/\/www.europesays.com\/fr\/wp-json\/wp\/v2\/users\/2"}],"replies":[{"embeddable":true,"href":"https:\/\/www.europesays.com\/fr\/wp-json\/wp\/v2\/comments?post=622037"}],"version-history":[{"count":0,"href":"https:\/\/www.europesays.com\/fr\/wp-json\/wp\/v2\/posts\/622037\/revisions"}],"wp:featuredmedia":[{"embeddable":true,"href":"https:\/\/www.europesays.com\/fr\/wp-json\/wp\/v2\/media\/622038"}],"wp:attachment":[{"href":"https:\/\/www.europesays.com\/fr\/wp-json\/wp\/v2\/media?parent=622037"}],"wp:term":[{"taxonomy":"category","embeddable":true,"href":"https:\/\/www.europesays.com\/fr\/wp-json\/wp\/v2\/categories?post=622037"},{"taxonomy":"post_tag","embeddable":true,"href":"https:\/\/www.europesays.com\/fr\/wp-json\/wp\/v2\/tags?post=622037"}],"curies":[{"name":"wp","href":"https:\/\/api.w.org\/{rel}","templated":true}]}}