{"id":622039,"date":"2025-12-25T19:08:01","date_gmt":"2025-12-25T19:08:01","guid":{"rendered":"https:\/\/www.europesays.com\/fr\/622039\/"},"modified":"2025-12-25T19:08:01","modified_gmt":"2025-12-25T19:08:01","slug":"1ere-initiation-a-la-degustation-de-vins-a-strasbourg-67-gastronomie-date-horaires-tarifs","status":"publish","type":"post","link":"https:\/\/www.europesays.com\/fr\/622039\/","title":{"rendered":"1\u00e8re initiation \u00e0 la d\u00e9gustation de vins \u00e0 Strasbourg (67), Gastronomie : date, horaires, tarifs"},"content":{"rendered":"<p class=\"fw-bold font-size-16 my-1\"> H\u00f4tel Novotel Strasb Quai Kleber | <a href=\"https:\/\/www.jds.fr\/strasbourg\/\" target=\"_blank\" rel=\"noopener\">Strasbourg<\/a><\/p>\n<p class=\"fw-bold font-size-16 my-1\"> Offre Solo, VOG Ludique Le B.A.BA du Vin &#8211; Prix \/ personne : 55,10\u00a0\u20ac | Offre Duo, VOG Ludique Le B.A.BA du Vin &#8211; Prix \/ 2 personnes : 110,30\u00a0\u20ac <\/p>\n<ul class=\"list-unstyled d-flex flex-wrap mt-2\">\n<li class=\"me-2 mb-2\">sensoriel<\/li>\n<li class=\"me-2 mb-2\">\u00e9ducatif<\/li>\n<li class=\"me-2 mb-2\">adultes<\/li>\n<li class=\"me-2 mb-2\">amis<\/li>\n<li class=\"me-2 mb-2\">int\u00e9rieur<\/li>\n<li class=\"me-2 mb-2\">2h-3h<\/li>\n<li class=\"me-2 mb-2\">gastronomie<\/li>\n<li class=\"me-2 mb-2\">oenologie<\/li>\n<li class=\"me-2 mb-2\">EVG<\/li>\n<li class=\"me-2 mb-2\">EVJF<\/li>\n<li class=\"me-2 mb-2\">id\u00e9e cadeau<\/li>\n<\/ul>\n<p><a class=\"btn btn-lg shadow-lg btn-primary rounded-pill fnac_link\" data-fnac=\"haut\" href=\"https:\/\/lb.affilae.com\/r\/?p=5f7dd9b02760126e01e487b3&amp;af=628&amp;lp=https%3A%2F%2Fwww.funbooker.com%2Ffr%2Fannonce%2Finitiation-a-la-degustation-de-vins-a-strasbourg%2Fvoir%3Futm_source%3Daffilae%26utm_medium%3Djds\" target=\"_blank\" rel=\"nofollow noopener\"> Acheter des billets<\/a><\/p>\n<p>Avis aux fans incontest\u00e9\u00b7e\u00b7s de vin, venez vous initier \u00e0 la d\u00e9gustation\u00a0! Accompagn\u00e9\u00b7e\u00b7s d\u2019un \u0153nologue professionnel, vous en apprendrez davantage sur l\u2019art de la d\u00e9gustation de vins. \u00c0 la fin, l\u2019\u0153nologie n\u2019aura plus (presque) aucun secret pour vous\u00a0!<\/p>\n<p><a data-lightbox=\"article\" data-title=\"1\u00e8re initiation \u00e0 la d\u00e9gustation de vins \u00e0 Strasbourg (67) DR\" class=\"image detail fullwidth  position-relative d-block\" href=\"https:\/\/www.jds.fr\/medias\/image\/1ere-initiation-a-la-degustation-de-vins-a-strasbo-803656-920-0-F.webp\" title=\"1\u00e8re initiation \u00e0 la d\u00e9gustation de vins \u00e0 Strasbourg (67) DR\" target=\"_blank\" rel=\"noopener\"><br \/>\n<img decoding=\"async\" loading=\"lazy\" src=\"https:\/\/www.europesays.com\/fr\/wp-content\/uploads\/2025\/12\/1ere-initiation-a-la-degustation-de-vins-a-strasbo-803656-1200-0.webp.webp\"   width=\"685\" alt=\"1\u00e8re initiation \u00e0 la d\u00e9gustation de vins \u00e0 Strasbourg (67)\" class=\"border\"\/><br \/>\nDR<br \/>\n1\u00e8re initiation \u00e0 la d\u00e9gustation de vins \u00e0 Strasbourg (67)<br \/>\n<\/a><\/p>\n<p><strong>D\u00e9roulement de la d\u00e9gustation (2 h)\u00a0:<\/strong><\/p>\n<ul>\n<li>Partie th\u00e9orique afin de vous familiariser avec l\u2019\u0153nologie\u00a0: processus de fabrication, types de vins, c\u00e9pages.<\/li>\n<li>Jeu des ar\u00f4mes au cours duquel vous vous entra\u00eenerez \u00e0 reconna\u00eetre les parfums des vins.<\/li>\n<li>D\u00e9gustation de 5 vins embl\u00e9matiques. Vous pourrez go\u00fbter, par exemple, un Pernand-Vergelesses Premier Cru, un Collioure, un Touraine, un Saint-Chinian et un Saint-\u00c9milion Grand Cru.<\/li>\n<\/ul>\n<p>Cette activit\u00e9 est id\u00e9ale \u00e0 offrir en cadeau aux amateur\u00b7rice\u00b7s de vin qui souhaitent parfaire leurs connaissances, ou \u00e0 de futur\u00b7e\u00b7s mari\u00e9\u00b7e\u00b7s dans le cadre d\u2019un enterrement de vie de c\u00e9libataire.<\/p>\n<p>            Renseignements<\/p>\n<p><strong class=\"font-size-18\">O\u00f9\u00a0:<\/strong><br \/> H\u00f4tel Novotel Strasb Quai Kleber<a class=\"mt-1 d-block ps-4\" href=\"https:\/\/www.jds.fr\/strasbourg\/\" target=\"_blank\" rel=\"noopener\"> 67000 Strasbourg<\/a><\/p>\n<p>Tarifs et billetterie\u00a0: <\/p>\n<p>Offre Solo, VOG Ludique Le B.A.BA du Vin &#8211; Prix \/ personne : 55,10\u00a0\u20ac<br \/>Offre Duo, VOG Ludique Le B.A.BA du Vin &#8211; Prix \/ 2 personnes : 110,30\u00a0\u20ac<\/p>\n<p>Les actualit\u00e9s \u00e0 Strasbourg<\/p>\n<ul class=\"mt-3 list-unstyled list-articles-v2\" id=\"liste-dates-694d572041cca\">\n<li class=\"col-12 pt-4\" data-view-id-type=\"1\" data-view-id=\"1303452\" data-view-bc=\"0\"><a class=\"image\" href=\"https:\/\/www.jds.fr\/strasbourg\/magazine\/sorties-du-week-end\/strasbourg-notre-selection-de-sorties-du-week-end-du-26-au-28-decembre-1303452_A\" target=\"_blank\" rel=\"noopener\"><img decoding=\"async\" loading=\"lazy\" src=\"https:\/\/www.europesays.com\/fr\/wp-content\/uploads\/2025\/12\/nl-2023-808463-180-180.webp.webp\" width=\"180\" height=\"180\" alt=\"Strasbourg : notre s\u00e9lection de sorties du week-end du 26 au 28 d\u00e9cembre\" class=\"border\"\/><\/a><\/li>\n<li class=\"col-12 pt-4\" data-view-id-type=\"1\" data-view-id=\"1289835\" data-view-bc=\"0\"><a class=\"image\" href=\"https:\/\/www.jds.fr\/strasbourg\/magazine\/actu-magazine\/cahier-d-activites-en-alsacien-pour-enfants-le-feriespass-de-l-olca-1289835_A\" target=\"_blank\" rel=\"noopener\"><img decoding=\"async\" loading=\"lazy\" src=\"https:\/\/www.europesays.com\/fr\/wp-content\/uploads\/2025\/12\/cahier-d-activites-en-alsacien-pour-enfants-le-fer-796676-180-180.webp.webp\" width=\"180\" height=\"180\" alt=\"Cahier d'activit\u00e9s en alsacien pour enfants : le Feriesp\u00e0ss de l'OLCA\" class=\"border\"\/><\/a><\/li>\n<li class=\"col-12 pt-4\" data-view-id-type=\"1\" data-view-id=\"1283751\" data-view-bc=\"0\"><a class=\"image\" href=\"https:\/\/www.jds.fr\/strasbourg\/magazine\/actu-magazine\/noel-solidaire-a-strasbourg-l-armee-du-salut-relance-ses-marmites-de-noel-1283751_A\" target=\"_blank\" rel=\"noopener\"><img decoding=\"async\" loading=\"lazy\" src=\"https:\/\/www.europesays.com\/fr\/wp-content\/uploads\/2025\/12\/marmites-de-noel-de-l-armee-du-salut-a-strasbourg-793634-180-180.webp.webp\" width=\"180\" height=\"180\" alt=\"No\u00ebl solidaire \u00e0 Strasbourg : l\u2019Arm\u00e9e du Salut relance ses Marmites de No\u00ebl\" class=\"border\"\/><\/a><\/li>\n<\/ul>\n<p><a href=\"https:\/\/www.jds.fr\/strasbourg\/magazine\/\" class=\"btn btn-outline-primary py-2 px-4\" target=\"_blank\" rel=\"noopener\">Voir toutes les actualit\u00e9s \u00e0 Strasbourg<\/a><\/p>\n<p class=\"mt-0 mb-3 h2\">Newsletter JDS Strasbourg<\/p>\n<p class=\"font-size-18 fw-normal lh-sm\">Pr\u00eat pour un week-end de folie\u00a0? Chaque jeudi tous les bons plans sorties<\/p>\n","protected":false},"excerpt":{"rendered":"H\u00f4tel Novotel Strasb Quai Kleber | Strasbourg Offre Solo, VOG Ludique Le B.A.BA du Vin &#8211; Prix \/&hellip;\n","protected":false},"author":2,"featured_media":622040,"comment_status":"","ping_status":"","sticky":false,"template":"","format":"standard","meta":{"footnotes":""},"categories":[2820],"tags":[1111,11,1777,674,1011,27,775,12,25,640],"class_list":{"0":"post-622039","1":"post","2":"type-post","3":"status-publish","4":"format-standard","5":"has-post-thumbnail","7":"category-strasbourg","8":"tag-actu","9":"tag-actualites","10":"tag-eu","11":"tag-europe","12":"tag-fr","13":"tag-france","14":"tag-grand-est","15":"tag-news","16":"tag-republique-francaise","17":"tag-strasbourg"},"share_on_mastodon":{"url":"https:\/\/pubeurope.com\/@fr\/115781785461817152","error":""},"_links":{"self":[{"href":"https:\/\/www.europesays.com\/fr\/wp-json\/wp\/v2\/posts\/622039","targetHints":{"allow":["GET"]}}],"collection":[{"href":"https:\/\/www.europesays.com\/fr\/wp-json\/wp\/v2\/posts"}],"about":[{"href":"https:\/\/www.europesays.com\/fr\/wp-json\/wp\/v2\/types\/post"}],"author":[{"embeddable":true,"href":"https:\/\/www.europesays.com\/fr\/wp-json\/wp\/v2\/users\/2"}],"replies":[{"embeddable":true,"href":"https:\/\/www.europesays.com\/fr\/wp-json\/wp\/v2\/comments?post=622039"}],"version-history":[{"count":0,"href":"https:\/\/www.europesays.com\/fr\/wp-json\/wp\/v2\/posts\/622039\/revisions"}],"wp:featuredmedia":[{"embeddable":true,"href":"https:\/\/www.europesays.com\/fr\/wp-json\/wp\/v2\/media\/622040"}],"wp:attachment":[{"href":"https:\/\/www.europesays.com\/fr\/wp-json\/wp\/v2\/media?parent=622039"}],"wp:term":[{"taxonomy":"category","embeddable":true,"href":"https:\/\/www.europesays.com\/fr\/wp-json\/wp\/v2\/categories?post=622039"},{"taxonomy":"post_tag","embeddable":true,"href":"https:\/\/www.europesays.com\/fr\/wp-json\/wp\/v2\/tags?post=622039"}],"curies":[{"name":"wp","href":"https:\/\/api.w.org\/{rel}","templated":true}]}}