{"id":622041,"date":"2025-12-25T19:10:18","date_gmt":"2025-12-25T19:10:18","guid":{"rendered":"https:\/\/www.europesays.com\/fr\/622041\/"},"modified":"2025-12-25T19:10:18","modified_gmt":"2025-12-25T19:10:18","slug":"greenwood-remplace-a-lom-le-transfert-relance-par-strasbourg","status":"publish","type":"post","link":"https:\/\/www.europesays.com\/fr\/622041\/","title":{"rendered":"Greenwood remplac\u00e9 \u00e0 l\u2019OM : Le transfert relanc\u00e9 par Strasbourg !"},"content":{"rendered":"<p>                    Hugo Chirossel<br \/>\n                        &#8211;<\/p>\n<p>Journaliste<\/p>\n<p>Passionn\u00e9 de football depuis le plus jeune \u00e2ge, devenir journaliste sportif est rapidement devenu une \u00e9vidence pour Hugo. Il se d\u00e9couvrira plus tard un amour pour la NBA, avant d\u2019explorer d\u2019autres horizons comme ceux de la Formule 1 et de la NFL.<\/p>\n<p class=\"heading\">\u00c0 la recherche d\u2019un milieu offensif, l\u2019OM aimerait \u00e9galement recruter un joueur capable de suppl\u00e9er Mason Greenwood dans le couloir droit. En ce sens, la direction olympienne \u00e9tait annonc\u00e9e sur la piste de Gessime Yassine, actuellement \u00e0 Dunkerque. Toutefois, l\u2019ailier marocain \u00e2g\u00e9 de 20 ans aurait une pr\u00e9f\u00e9rence pour un autre club de Ligue 1, Strasbourg. <\/p>\n<p>Pr\u00e9sent en conf\u00e9rence de presse la semaine derni\u00e8re, <strong>Pablo Longoria<\/strong> a donn\u00e9 la tendance concernant le mercato hivernal. Si avant de chercher \u00e0 se renforcer, l\u2019<strong>OM<\/strong> devra d\u2019abord vendre certains \u00e9l\u00e9ments pour \u00e9quilibrer ses comptes, une doublure \u00e0<strong> Mason Greenwood<\/strong> pourrait arriver au cours du mois de janvier. <\/p>\n<p>                                            L\u2019OM cherche un joueur avec \u00ab des caract\u00e9ristiques similaires \u00e0 celles de Greenwood \u00bb<\/p>\n<p>\u00ab On voit que les postes o\u00f9 nous avons une rotation mineure, c\u2019est peut-\u00eatre trouver un joueur avec des caract\u00e9ristiques similaires \u00e0 celles de Greenwood, qui joue beaucoup. Un joueur offensif de plus dans la rotation \u00e7a ferait du sens d\u2019un point de vue sportif \u00bb, a d\u00e9clar\u00e9 <strong>Pablo Longoria<\/strong>. En ce sens, l\u2019<strong>OM<\/strong> \u00e9tait annonc\u00e9 ces derni\u00e8res semaines sur la piste de <a href=\"https:\/\/le10sport.com\/football\/mercato\/il-affole-le-mercato-le-crack-qui-va-echapper-a-lom-761311\" target=\"_blank\" rel=\"noopener\">Gessime Yassine<\/a>. <\/p>\n<p>                                            Strasbourg plut\u00f4t que l\u2019OM pour Yassine ?<\/p>\n<p>\u00c2g\u00e9 de 20 ans, l\u2019ailier droit a inscrit 2 buts et d\u00e9livr\u00e9 7 passes d\u00e9cisives toutes comp\u00e9titions confondues cette saison avec <strong>Dunkerque<\/strong>, o\u00f9 il est sous contrat jusqu\u2019en juin 2027. D\u2019apr\u00e8s les informations de But Football Club, la tendance serait bien \u00e0 un d\u00e9part cet hiver, mais pas \u00e0 l\u2019<strong>OM<\/strong>. Alors que le <strong>RB Leipzig<\/strong>, le <strong>Werder Br\u00eame<\/strong>, <strong>Hoffenheim<\/strong>, <strong>Mayence<\/strong>, le <strong>LOSC<\/strong>, <strong>Toulouse<\/strong> et le <strong>RC Lens<\/strong> seraient \u00e9galement int\u00e9ress\u00e9s, la pr\u00e9f\u00e9rence de <strong>Gessime Yassine<\/strong> irait \u00e0 <strong>Strasbourg<\/strong>. Rien d\u2019act\u00e9 pour le moment, mais le joueur se verrait bien rejoindre le club d\u00e9tenu par <strong>BlueCo<\/strong>, \u00e9galement propri\u00e9taire de <strong>Chelsea<\/strong>. <\/p>\n","protected":false},"excerpt":{"rendered":"Hugo Chirossel &#8211; Journaliste Passionn\u00e9 de football depuis le plus jeune \u00e2ge, devenir journaliste sportif est rapidement devenu&hellip;\n","protected":false},"author":2,"featured_media":622042,"comment_status":"","ping_status":"","sticky":false,"template":"","format":"standard","meta":{"footnotes":""},"categories":[2820],"tags":[1111,11,1777,674,1011,27,775,12,25,640],"class_list":{"0":"post-622041","1":"post","2":"type-post","3":"status-publish","4":"format-standard","5":"has-post-thumbnail","7":"category-strasbourg","8":"tag-actu","9":"tag-actualites","10":"tag-eu","11":"tag-europe","12":"tag-fr","13":"tag-france","14":"tag-grand-est","15":"tag-news","16":"tag-republique-francaise","17":"tag-strasbourg"},"share_on_mastodon":{"url":"","error":""},"_links":{"self":[{"href":"https:\/\/www.europesays.com\/fr\/wp-json\/wp\/v2\/posts\/622041","targetHints":{"allow":["GET"]}}],"collection":[{"href":"https:\/\/www.europesays.com\/fr\/wp-json\/wp\/v2\/posts"}],"about":[{"href":"https:\/\/www.europesays.com\/fr\/wp-json\/wp\/v2\/types\/post"}],"author":[{"embeddable":true,"href":"https:\/\/www.europesays.com\/fr\/wp-json\/wp\/v2\/users\/2"}],"replies":[{"embeddable":true,"href":"https:\/\/www.europesays.com\/fr\/wp-json\/wp\/v2\/comments?post=622041"}],"version-history":[{"count":0,"href":"https:\/\/www.europesays.com\/fr\/wp-json\/wp\/v2\/posts\/622041\/revisions"}],"wp:featuredmedia":[{"embeddable":true,"href":"https:\/\/www.europesays.com\/fr\/wp-json\/wp\/v2\/media\/622042"}],"wp:attachment":[{"href":"https:\/\/www.europesays.com\/fr\/wp-json\/wp\/v2\/media?parent=622041"}],"wp:term":[{"taxonomy":"category","embeddable":true,"href":"https:\/\/www.europesays.com\/fr\/wp-json\/wp\/v2\/categories?post=622041"},{"taxonomy":"post_tag","embeddable":true,"href":"https:\/\/www.europesays.com\/fr\/wp-json\/wp\/v2\/tags?post=622041"}],"curies":[{"name":"wp","href":"https:\/\/api.w.org\/{rel}","templated":true}]}}