{"id":622043,"date":"2025-12-25T19:12:13","date_gmt":"2025-12-25T19:12:13","guid":{"rendered":"https:\/\/www.europesays.com\/fr\/622043\/"},"modified":"2025-12-25T19:12:13","modified_gmt":"2025-12-25T19:12:13","slug":"meteo-a-nice-les-previsions-du-jeudi-25-decembre-2025","status":"publish","type":"post","link":"https:\/\/www.europesays.com\/fr\/622043\/","title":{"rendered":"M\u00e9t\u00e9o \u00e0 Nice : les pr\u00e9visions du jeudi 25 d\u00e9cembre 2025"},"content":{"rendered":"<p>\u00c0 Nice, jeudi 25 d\u00e9cembre 2025, la journ\u00e9e se d\u00e9roule sous une pluie faible et un vent mod\u00e9r\u00e9. Les temp\u00e9ratures oscillent entre 7 et 12 \u00b0C, avec une ambiance humide mais des \u00e9claircies possibles en matin\u00e9e.<\/p>\n<p>    Alerte en cours<\/p>\n<p>Le d\u00e9partement des Alpes-Maritimes reste plac\u00e9 en vigilance <b>Jaune Vent<\/b> et <b>Jaune Avalanche<\/b> depuis minuit. Ces ph\u00e9nom\u00e8nes, fr\u00e9quents en hiver, peuvent compliquer les sorties en montagne ainsi que la circulation sur le littoral.<\/p>\n<p>Il est conseill\u00e9 d\u2019\u00e9viter les secteurs expos\u00e9s aux couloirs venteux du Mercantour et de reporter toute sortie hors-piste. Restez attentifs aux messages des autorit\u00e9s locales et consultez notre <a href=\"https:\/\/www.meteocity.com\/france\/alertes\" target=\"_blank\" rel=\"noopener\">page d\u00e9di\u00e9e aux alertes m\u00e9t\u00e9orologiques<\/a>.<\/p>\n<p>Le niveau jaune n\u2019impose pas de restrictions majeures, mais rappelons que la m\u00e9t\u00e9o hivernale peut \u00e9voluer rapidement : suivez r\u00e9guli\u00e8rement les mises \u00e0 jour pour adapter vos d\u00e9placements et vos activit\u00e9s sportives.<\/p>\n<p>Matin : lever du soleil 08 h 03<\/p>\n<p>\u00c0 09 h, Nice se r\u00e9veille sous une pluie faible. Le mercure affiche <b>9 \u00b0C<\/b>, ressenti <b>6 \u00b0C<\/b> en raison d\u2019un vent de Nord-Nord-Est soufflant \u00e0 17 km\/h.<\/p>\n<p>L\u2019humidit\u00e9 est mod\u00e9r\u00e9e (61 %), la pression atteint 1 015 hPa. La probabilit\u00e9 d\u2019averse s\u2019\u00e9l\u00e8ve \u00e0 68 %. Il convient donc de rester vigilant pour les derniers achats de No\u00ebl sur le cours Saleya.<\/p>\n<p>Le soleil s\u2019est lev\u00e9 \u00e0 08 h 03 ; de timides \u00e9claircies appara\u00eetront entre deux ond\u00e9es, sans danger notable puisque les rafales resteront inf\u00e9rieures \u00e0 30 km\/h.<\/p>\n<p>Apr\u00e8s-midi<\/p>\n<p>\u00c0 l\u2019heure du d\u00e9jeuner, l\u2019atmosph\u00e8re demeure humide. \u00c0 15 h, le thermom\u00e8tre indique <b>12 \u00b0C<\/b>, ressenti <b>10 \u00b0C<\/b>. Le vent d\u2019est-nord-est souffle toujours autour de 17 km\/h.<\/p>\n<p>Le risque de pluie grimpe \u00e0 100 % ; de nouvelles ond\u00e9es continues sont attendues. La pression remonte l\u00e9g\u00e8rement \u00e0 1 017 hPa, signe qu\u2019un syst\u00e8me d\u00e9pressionnaire se comble lentement.<\/p>\n<ul>\n<li>Pensez \u00e0 pr\u00e9voir un imperm\u00e9able pour les promenades sur la Promenade des Anglais.<\/li>\n<li>Visibilit\u00e9 correcte, pas de brouillard \u00e0 signaler.<\/li>\n<li>Trafic routier fluide mais chauss\u00e9es humides : il est n\u00e9cessaire d\u2019ajuster les distances de freinage.<\/li>\n<\/ul>\n<p>Soir : coucher du soleil 16 h 59<\/p>\n<p>Apr\u00e8s le coucher du soleil \u00e0 16 h 59, une bruine tenace persiste. \u00c0 21 h, la temp\u00e9rature descend \u00e0 <b>9 \u00b0C<\/b>, ressenti <b>7 \u00b0C<\/b>.<\/p>\n<p>L\u2019humidit\u00e9 atteint 66 %, la pression s\u2019\u00e9tablit \u00e0 1 020 hPa et la pluie reste probable \u00e0 100 %. Le vent, orient\u00e9 au Nord, faiblit \u00e0 14 km\/h, permettant une courte balade digestive parmi les lumi\u00e8res de No\u00ebl.<\/p>\n<p>La nuit s\u2019annonce fra\u00eeche, le thermom\u00e8tre se rapprochera du minimum journalier de 7 \u00b0C. Il est recommand\u00e9 de bien se couvrir, surtout pour les personnes sensibles.<\/p>\n<p>Tendance g\u00e9n\u00e9rale pour demain<\/p>\n<p>Le 26 d\u00e9cembre, l\u2019anticyclone se renforce. On pr\u00e9voit un ciel d\u00e9gag\u00e9 du lever au coucher, sans risque de pr\u00e9cipitations.<\/p>\n<p>Temp\u00e9ratures stables : <b>7 \u00b0C<\/b> \u00e0 l\u2019aube, <b>13 \u00b0C<\/b> l\u2019apr\u00e8s-midi, ressenti jusqu\u2019\u00e0 <b>12 \u00b0C<\/b>. Le vent tournera au Sud-Est, soufflant \u00e0 16 km\/h, avec un air plus sec (55 % d\u2019humidit\u00e9).<\/p>\n<p>Ces conditions cl\u00e9mentes favoriseront les sorties en plein air, qu\u2019il s\u2019agisse de randonn\u00e9es sur la colline du Ch\u00e2teau ou de visites culturelles. Pour organiser vos activit\u00e9s, consultez <a href=\"https:\/\/www.meteocity.com\/france\/nice-v2990440\" target=\"_blank\" rel=\"noopener\">notre bulletin d\u00e9taill\u00e9<\/a>.<\/p>\n","protected":false},"excerpt":{"rendered":"\u00c0 Nice, jeudi 25 d\u00e9cembre 2025, la journ\u00e9e se d\u00e9roule sous une pluie faible et un vent mod\u00e9r\u00e9.&hellip;\n","protected":false},"author":2,"featured_media":622044,"comment_status":"","ping_status":"","sticky":false,"template":"","format":"standard","meta":{"footnotes":""},"categories":[2819],"tags":[1111,11,1777,674,1011,27,12,2401,882,25],"class_list":{"0":"post-622043","1":"post","2":"type-post","3":"status-publish","4":"format-standard","5":"has-post-thumbnail","7":"category-nice","8":"tag-actu","9":"tag-actualites","10":"tag-eu","11":"tag-europe","12":"tag-fr","13":"tag-france","14":"tag-news","15":"tag-nice","16":"tag-provence-alpes-cote-dazur","17":"tag-republique-francaise"},"share_on_mastodon":{"url":"https:\/\/pubeurope.com\/@fr\/115781798672227679","error":""},"_links":{"self":[{"href":"https:\/\/www.europesays.com\/fr\/wp-json\/wp\/v2\/posts\/622043","targetHints":{"allow":["GET"]}}],"collection":[{"href":"https:\/\/www.europesays.com\/fr\/wp-json\/wp\/v2\/posts"}],"about":[{"href":"https:\/\/www.europesays.com\/fr\/wp-json\/wp\/v2\/types\/post"}],"author":[{"embeddable":true,"href":"https:\/\/www.europesays.com\/fr\/wp-json\/wp\/v2\/users\/2"}],"replies":[{"embeddable":true,"href":"https:\/\/www.europesays.com\/fr\/wp-json\/wp\/v2\/comments?post=622043"}],"version-history":[{"count":0,"href":"https:\/\/www.europesays.com\/fr\/wp-json\/wp\/v2\/posts\/622043\/revisions"}],"wp:featuredmedia":[{"embeddable":true,"href":"https:\/\/www.europesays.com\/fr\/wp-json\/wp\/v2\/media\/622044"}],"wp:attachment":[{"href":"https:\/\/www.europesays.com\/fr\/wp-json\/wp\/v2\/media?parent=622043"}],"wp:term":[{"taxonomy":"category","embeddable":true,"href":"https:\/\/www.europesays.com\/fr\/wp-json\/wp\/v2\/categories?post=622043"},{"taxonomy":"post_tag","embeddable":true,"href":"https:\/\/www.europesays.com\/fr\/wp-json\/wp\/v2\/tags?post=622043"}],"curies":[{"name":"wp","href":"https:\/\/api.w.org\/{rel}","templated":true}]}}