{"id":622051,"date":"2025-12-25T19:18:12","date_gmt":"2025-12-25T19:18:12","guid":{"rendered":"https:\/\/www.europesays.com\/fr\/622051\/"},"modified":"2025-12-25T19:18:12","modified_gmt":"2025-12-25T19:18:12","slug":"toulouse-en-plein-milieu-de-noel-un-feu-se-declare-dans-un-appartement-une-personne-relogee","status":"publish","type":"post","link":"https:\/\/www.europesays.com\/fr\/622051\/","title":{"rendered":"Toulouse. En plein milieu de No\u00ebl, un feu se d\u00e9clare dans un appartement : une personne relog\u00e9e"},"content":{"rendered":"<p>                    Par<br \/>\n        <strong><br \/>\n            <a href=\"https:\/\/actu.fr\/auteur\/lea-afonso\" title=\"Consulter tous les articles de L\u00e9a Afonso\" target=\"_blank\" rel=\"noopener\">L\u00e9a Afonso<\/a><br \/>\n                    <\/strong><\/p>\n<p>        Publi\u00e9 le<\/p>\n<p>            25 d\u00e9c. 2025 \u00e0 18h49        <\/p>\n<p>Un <strong>feu d\u2019appartement<\/strong> s\u2019est d\u00e9clar\u00e9 ce jeudi 25\u00a0d\u00e9cembre 2025, jour de No\u00ebl, dans un immeuble situ\u00e9 1 impasse des H\u00e9rons, \u00e0 <a href=\"https:\/\/actu.fr\/toulouse\/\" target=\"_blank\" rel=\"noopener\">Toulouse<\/a>. Les sapeurs-pompiers sont rapidement intervenus pour ma\u00eetriser le sinistre.<\/p>\n<p>Un feu au quatri\u00e8me \u00e9tage d\u2019un immeuble d\u2019habitation<\/p>\n<p class=\" wall-content\">Les secours ont \u00e9t\u00e9 alert\u00e9s aux alentours de 15\u2009h\u200930 pour un feu survenu dans un immeuble d\u2019habitation de quatre \u00e9tages, comportant \u00e9galement un niveau -1 \u00e0 usage d\u2019habitation. \u00c0 leur arriv\u00e9e sur les lieux, les sapeurs-pompiers ont constat\u00e9 qu\u2019<strong>un duplex situ\u00e9 au 4\u1d49 \u00e9tage \u00e9tait en proie aux flammes.<\/strong><\/p>\n<p class=\" wall-content\">Le sinistre a \u00e9t\u00e9 rapidement ma\u00eetris\u00e9 gr\u00e2ce \u00e0 l\u2019utilisation d\u2019une lance \u00e0 eau, <strong>\u00e9vitant toute propagation<\/strong> \u00e0 l\u2019ensemble de l\u2019immeuble. Une op\u00e9ration de ventilation a ensuite \u00e9t\u00e9 men\u00e9e afin d\u2019\u00e9vacuer les fum\u00e9es pr\u00e9sentes dans le b\u00e2timent.<\/p>\n<p>Aucun bless\u00e9, mais un relogement n\u00e9cessaire<\/p>\n<p class=\" wall-content\"><strong>Aucune victime<\/strong> n\u2019est \u00e0 d\u00e9plorer. En revanche, l\u2019appartement concern\u00e9, d\u2019une superficie d\u2019environ 50 m\u00b2, a subi d\u2019importants d\u00e9g\u00e2ts li\u00e9s aux fum\u00e9es, rendant les lieux inhabitables. Un relogement de l\u2019occupant a donc \u00e9t\u00e9 n\u00e9cessaire.<\/p>\n<p class=\" wall-content\">L\u2019intervention a mobilis\u00e9 <strong>cinq engins de secours et 19 sapeurs-pompiers<\/strong>, qui ont \u0153uvr\u00e9 avec professionnalisme pour s\u00e9curiser les lieux et pr\u00e9server la s\u00e9curit\u00e9 des autres habitants de l\u2019immeuble.<\/p>\n<p>Vid\u00e9os : en ce moment sur Actu<\/p>\n<p class=\" wall-content\">Personnalisez votre actualit\u00e9 en ajoutant vos villes et m\u00e9dias en favori avec <a href=\"https:\/\/moncompte.actu.fr\" title=\"D\u00e9couvez Mon Actu\" rel=\"nofollow noopener\" data-trk=\"{&quot;cta&quot;:{&quot;action&quot;:&quot;https:\\\/\\\/moncompte.actu.fr&quot;,&quot;category&quot;:&quot;mon compte&quot;,&quot;from&quot;:&quot;article footer&quot;,&quot;name&quot;:&quot;Mon actu&quot;,&quot;type&quot;:&quot;cta&quot;}}\" target=\"_blank\">Mon Actu<\/a>.<\/p>\n","protected":false},"excerpt":{"rendered":"Par L\u00e9a Afonso Publi\u00e9 le 25 d\u00e9c. 2025 \u00e0 18h49 Un feu d\u2019appartement s\u2019est d\u00e9clar\u00e9 ce jeudi 25\u00a0d\u00e9cembre&hellip;\n","protected":false},"author":2,"featured_media":622052,"comment_status":"","ping_status":"","sticky":false,"template":"","format":"standard","meta":{"footnotes":""},"categories":[2816],"tags":[1111,11,1777,674,118,1011,27,1310,12,2680,1311,25,2312],"class_list":{"0":"post-622051","1":"post","2":"type-post","3":"status-publish","4":"format-standard","5":"has-post-thumbnail","7":"category-toulouse","8":"tag-actu","9":"tag-actualites","10":"tag-eu","11":"tag-europe","12":"tag-faits-divers","13":"tag-fr","14":"tag-france","15":"tag-incendie","16":"tag-news","17":"tag-occitanie","18":"tag-pompiers","19":"tag-republique-francaise","20":"tag-toulouse"},"share_on_mastodon":{"url":"https:\/\/pubeurope.com\/@fr\/115781822470525822","error":""},"_links":{"self":[{"href":"https:\/\/www.europesays.com\/fr\/wp-json\/wp\/v2\/posts\/622051","targetHints":{"allow":["GET"]}}],"collection":[{"href":"https:\/\/www.europesays.com\/fr\/wp-json\/wp\/v2\/posts"}],"about":[{"href":"https:\/\/www.europesays.com\/fr\/wp-json\/wp\/v2\/types\/post"}],"author":[{"embeddable":true,"href":"https:\/\/www.europesays.com\/fr\/wp-json\/wp\/v2\/users\/2"}],"replies":[{"embeddable":true,"href":"https:\/\/www.europesays.com\/fr\/wp-json\/wp\/v2\/comments?post=622051"}],"version-history":[{"count":0,"href":"https:\/\/www.europesays.com\/fr\/wp-json\/wp\/v2\/posts\/622051\/revisions"}],"wp:featuredmedia":[{"embeddable":true,"href":"https:\/\/www.europesays.com\/fr\/wp-json\/wp\/v2\/media\/622052"}],"wp:attachment":[{"href":"https:\/\/www.europesays.com\/fr\/wp-json\/wp\/v2\/media?parent=622051"}],"wp:term":[{"taxonomy":"category","embeddable":true,"href":"https:\/\/www.europesays.com\/fr\/wp-json\/wp\/v2\/categories?post=622051"},{"taxonomy":"post_tag","embeddable":true,"href":"https:\/\/www.europesays.com\/fr\/wp-json\/wp\/v2\/tags?post=622051"}],"curies":[{"name":"wp","href":"https:\/\/api.w.org\/{rel}","templated":true}]}}