{"id":622059,"date":"2025-12-25T19:23:14","date_gmt":"2025-12-25T19:23:14","guid":{"rendered":"https:\/\/www.europesays.com\/fr\/622059\/"},"modified":"2025-12-25T19:23:14","modified_gmt":"2025-12-25T19:23:14","slug":"un-corps-retrouve-carbonise-dans-le-coffre-dune-voiture","status":"publish","type":"post","link":"https:\/\/www.europesays.com\/fr\/622059\/","title":{"rendered":"un corps retrouv\u00e9 carbonis\u00e9 dans le coffre d&rsquo;une voiture"},"content":{"rendered":"<p>Selon nos informations, le corps sans vie d\u2019un homme ex\u00e9cut\u00e9 a \u00e9t\u00e9 retrouv\u00e9 en milieu d\u2019apr\u00e8s-midi, ce jeudi 25 d\u00e9cembre, dans le coffre d\u2019une voiture calcin\u00e9e \u00e0 Sept\u00e8me-les-Vallons, \u00e0 la fronti\u00e8re des quartiers nord de Marseille. Un homicide qui pourrait \u00eatre li\u00e9 \u00e0 une fusillade qui s\u2019est produite dans la nuit du jeudi 24 au vendredi 25 d\u00e9cembre, dans la cit\u00e9 du Mail.<\/p>\n<p>Dans le m\u00eame temps, toujours cet apr\u00e8s-midi, un homme a \u00e9t\u00e9 <a href=\"https:\/\/www.laprovence.com\/article\/faits-divers-justice\/89240099519282\/un-homme-grievement-blesse-par-balle-depose-devant-lhopital-nord-a-marseille\" target=\"_blank\" rel=\"noopener\">d\u00e9pos\u00e9 bless\u00e9 par une balle re\u00e7ue au niveau de la m\u00e2choire<\/a>, avec un pronostic vital engag\u00e9, devant l\u2019h\u00f4pital Nord. La voiture utilis\u00e9e pour le transporter a \u00e9t\u00e9 retrouv\u00e9e\u00a0br\u00fbl\u00e9 \u00e0 proximit\u00e9 de celle contenant un cadavre. Les deux affaires pourraient \u00eatre li\u00e9es, sur fond de guerre ouverte entre deux \u00e9quipes de narcotrafiquants.<\/p>\n<p>Dans la soir\u00e9e du samedi 22\u00a0d\u00e9cembre, un homme de 22\u00a0ans a \u00e9t\u00e9 <a href=\"https:\/\/www.laprovence.com\/article\/faits-divers-justice\/1108875031668815\/un-homme-abattu-a-la-kalachnikov-dans-le-14e-arrondissement-de-marseille-un-autre-blesse\" target=\"_blank\" rel=\"noopener\">assassin\u00e9 \u00e0 la kalachnikov<\/a> devant un point de deal la cit\u00e9 du Mail, connu pour \u00eatre sous la coupe d\u2019une \u00e9quipe proche de la DZ Mafia.<\/p>\n","protected":false},"excerpt":{"rendered":"Selon nos informations, le corps sans vie d\u2019un homme ex\u00e9cut\u00e9 a \u00e9t\u00e9 retrouv\u00e9 en milieu d\u2019apr\u00e8s-midi, ce jeudi&hellip;\n","protected":false},"author":2,"featured_media":622060,"comment_status":"","ping_status":"","sticky":false,"template":"","format":"standard","meta":{"footnotes":""},"categories":[2814],"tags":[17,1111,11,68219,57586,6725,1446,1777,674,274,1011,27,884,3479,12,882,25,4256],"class_list":{"0":"post-622059","1":"post","2":"type-post","3":"status-publish","4":"format-standard","5":"has-post-thumbnail","7":"category-marseille","8":"tag-17","9":"tag-actu","10":"tag-actualites","11":"tag-carbonise","12":"tag-coffre","13":"tag-corps","14":"tag-dans","15":"tag-eu","16":"tag-europe","17":"tag-faits-divers-justice","18":"tag-fr","19":"tag-france","20":"tag-marseille","21":"tag-narcobanditisme","22":"tag-news","23":"tag-provence-alpes-cote-dazur","24":"tag-republique-francaise","25":"tag-retrouve"},"share_on_mastodon":{"url":"","error":""},"_links":{"self":[{"href":"https:\/\/www.europesays.com\/fr\/wp-json\/wp\/v2\/posts\/622059","targetHints":{"allow":["GET"]}}],"collection":[{"href":"https:\/\/www.europesays.com\/fr\/wp-json\/wp\/v2\/posts"}],"about":[{"href":"https:\/\/www.europesays.com\/fr\/wp-json\/wp\/v2\/types\/post"}],"author":[{"embeddable":true,"href":"https:\/\/www.europesays.com\/fr\/wp-json\/wp\/v2\/users\/2"}],"replies":[{"embeddable":true,"href":"https:\/\/www.europesays.com\/fr\/wp-json\/wp\/v2\/comments?post=622059"}],"version-history":[{"count":0,"href":"https:\/\/www.europesays.com\/fr\/wp-json\/wp\/v2\/posts\/622059\/revisions"}],"wp:featuredmedia":[{"embeddable":true,"href":"https:\/\/www.europesays.com\/fr\/wp-json\/wp\/v2\/media\/622060"}],"wp:attachment":[{"href":"https:\/\/www.europesays.com\/fr\/wp-json\/wp\/v2\/media?parent=622059"}],"wp:term":[{"taxonomy":"category","embeddable":true,"href":"https:\/\/www.europesays.com\/fr\/wp-json\/wp\/v2\/categories?post=622059"},{"taxonomy":"post_tag","embeddable":true,"href":"https:\/\/www.europesays.com\/fr\/wp-json\/wp\/v2\/tags?post=622059"}],"curies":[{"name":"wp","href":"https:\/\/api.w.org\/{rel}","templated":true}]}}