{"id":622063,"date":"2025-12-25T19:25:30","date_gmt":"2025-12-25T19:25:30","guid":{"rendered":"https:\/\/www.europesays.com\/fr\/622063\/"},"modified":"2025-12-25T19:25:30","modified_gmt":"2025-12-25T19:25:30","slug":"laurent-solly-de-meta-a-lvmh","status":"publish","type":"post","link":"https:\/\/www.europesays.com\/fr\/622063\/","title":{"rendered":"Laurent Solly, de Meta \u00e0 LVMH ?"},"content":{"rendered":"<p itemprop=\"description\"><strong>Il a connu le quasi-monopole de Facebook, les remises en question, l&rsquo;\u00e9volution des r\u00e9seaux sociaux&#8230;<\/strong><\/p>\n<p>\u00ab\u00a0Apr\u00e8s plus de 12 ans au sein de Meta, le temps est venu de d\u00e9buter une nouvelle aventure professionnelle\u00a0\u00bb, a d\u00e9clar\u00e9 <a href=\"https:\/\/www.lyonmag.com\/profil-personnalite-lyonnaise\/209\/laurent-solly\" target=\"_blank\" rel=\"noopener\">Laurent Solly<\/a>. Le natif de Villefranche-sur-Sa\u00f4ne, vice-pr\u00e9sident Europe de la multinationale de Mark Zuckerberg, quitte Facebook et Instagram.<\/p>\n<p>Dans un message publi\u00e9 sur LinkedIn, Laurent Solly s&rsquo;est dit \u00ab\u00a0empli d\u2019une tr\u00e8s grande gratitude et \u00e9motion pour tous (ses) amis et coll\u00e8gues\u00a0\u00bb.<\/p>\n<p>\u00ab\u00a0Cette aventure \u00e0 Meta m\u2019a apport\u00e9 d\u2019immenses satisfactions professionnelles, fait d\u00e9couvrir la Silicon Valley, son \u00e9nergie et son ambition sans limites, m&rsquo;a fait appr\u00e9hender de nouveaux march\u00e9s et de nouvelles cultures, appris le business international, fait comprendre l\u2019intensit\u00e9 et la vitesse des transformations technologiques en cours, r\u00e9aliser l\u2019impact des bouleversements, des opportunit\u00e9s et des challenges que nous vivons. Ce furent des ann\u00e9es riches d\u2019apprentissage, d\u2019audace et de r\u00e9ussites collectives\u00a0\u00bb, d\u00e9veloppe-t-il.<\/p>\n<p>Ancien chef de cabinet de Nicolas Sarkozy \u00e0 Beauvau, l&rsquo;\u00e9narque caladois avait ensuite occup\u00e9 plusieurs postes \u00e0 responsabilit\u00e9s chez TF1, et notamment directeur g\u00e9n\u00e9ral de TF1 Digital.<\/p>\n<p>Recrut\u00e9 par Facebook France en 2013, Laurent Solly devrait rester dans le monde des m\u00e9dias. Selon Challenges, il pourrait succ\u00e9der \u00e0 Pierre Louette comme PDG du Groupe Les Echos-Le Parisien de LVMH.<\/p>\n<p>Des rumeurs que l&rsquo;int\u00e9ress\u00e9 n&rsquo;a pas comment\u00e9, si ce n&rsquo;est par ce message n\u00e9buleux : \u00ab\u00a0Une nouvelle histoire va s&rsquo;ouvrir pour moi d\u00e9sormais, elle sera enthousiasmante !\u00a0\u00bb<\/p>\n","protected":false},"excerpt":{"rendered":"Il a connu le quasi-monopole de Facebook, les remises en question, l&rsquo;\u00e9volution des r\u00e9seaux sociaux&#8230; \u00ab\u00a0Apr\u00e8s plus de&hellip;\n","protected":false},"author":2,"featured_media":622064,"comment_status":"","ping_status":"","sticky":false,"template":"","format":"standard","meta":{"footnotes":""},"categories":[1889],"tags":[1111,11,2813,2190,2430,1109,251,1112,2811,1777,674,118,1011,27,1922,1110,1114,2428,2810,12,241,316,25,2812,517,800],"class_list":{"0":"post-622063","1":"post","2":"type-post","3":"status-publish","4":"format-standard","5":"has-post-thumbnail","7":"category-lyon","8":"tag-actu","9":"tag-actualites","10":"tag-article","11":"tag-asvel","12":"tag-auvergne-rhone-alpes","13":"tag-breves","14":"tag-culture","15":"tag-depeches","16":"tag-economique","17":"tag-eu","18":"tag-europe","19":"tag-faits-divers","20":"tag-fr","21":"tag-france","22":"tag-info","23":"tag-informations","24":"tag-infos","25":"tag-lyon","26":"tag-lyonmag","27":"tag-news","28":"tag-ol","29":"tag-politique","30":"tag-republique-francaise","31":"tag-sociale","32":"tag-sport","33":"tag-transports"},"share_on_mastodon":{"url":"https:\/\/pubeurope.com\/@fr\/115781849784663011","error":""},"_links":{"self":[{"href":"https:\/\/www.europesays.com\/fr\/wp-json\/wp\/v2\/posts\/622063","targetHints":{"allow":["GET"]}}],"collection":[{"href":"https:\/\/www.europesays.com\/fr\/wp-json\/wp\/v2\/posts"}],"about":[{"href":"https:\/\/www.europesays.com\/fr\/wp-json\/wp\/v2\/types\/post"}],"author":[{"embeddable":true,"href":"https:\/\/www.europesays.com\/fr\/wp-json\/wp\/v2\/users\/2"}],"replies":[{"embeddable":true,"href":"https:\/\/www.europesays.com\/fr\/wp-json\/wp\/v2\/comments?post=622063"}],"version-history":[{"count":0,"href":"https:\/\/www.europesays.com\/fr\/wp-json\/wp\/v2\/posts\/622063\/revisions"}],"wp:featuredmedia":[{"embeddable":true,"href":"https:\/\/www.europesays.com\/fr\/wp-json\/wp\/v2\/media\/622064"}],"wp:attachment":[{"href":"https:\/\/www.europesays.com\/fr\/wp-json\/wp\/v2\/media?parent=622063"}],"wp:term":[{"taxonomy":"category","embeddable":true,"href":"https:\/\/www.europesays.com\/fr\/wp-json\/wp\/v2\/categories?post=622063"},{"taxonomy":"post_tag","embeddable":true,"href":"https:\/\/www.europesays.com\/fr\/wp-json\/wp\/v2\/tags?post=622063"}],"curies":[{"name":"wp","href":"https:\/\/api.w.org\/{rel}","templated":true}]}}