{"id":622065,"date":"2025-12-25T19:27:25","date_gmt":"2025-12-25T19:27:25","guid":{"rendered":"https:\/\/www.europesays.com\/fr\/622065\/"},"modified":"2025-12-25T19:27:25","modified_gmt":"2025-12-25T19:27:25","slug":"grand-concert-de-lorchestre-national-de-lyon-pour-le-nouvel-an","status":"publish","type":"post","link":"https:\/\/www.europesays.com\/fr\/622065\/","title":{"rendered":"Grand concert de l\u2019Orchestre national de Lyon pour le Nouvel an"},"content":{"rendered":"<p>Deux musiciens du prestigieux Orchestre national de Lyon, ainsi que trois autres artistes, donneront un concert pour le Nouvel an. Viennois embarquera le public dans un voyage musical sur les grands airs classiques avec des tableaux entra\u00eenants et plein de surprises.<\/p>\n<p>Un spectacle propos\u00e9 par le centre de loisirs P\u00e9gase et la communaut\u00e9 de communes Dombes Sa\u00f4ne Vall\u00e9e.<\/p>\n<p class=\"note\">R\u00e9servation sur sortir.ccdsv.fr. Plein tarif\u00a0: 12\u00a0euros, 6\u00a0euros pour les moins de 18 ans et gratuit pour les enfants de moins de 12 ans. Contact\u00a0: 04.74.08.97.66. \u00c0 la salle des f\u00eates de Sainte-Euph\u00e9mie.<\/p>\n","protected":false},"excerpt":{"rendered":"Deux musiciens du prestigieux Orchestre national de Lyon, ainsi que trois autres artistes, donneront un concert pour le&hellip;\n","protected":false},"author":2,"featured_media":622066,"comment_status":"","ping_status":"","sticky":false,"template":"","format":"standard","meta":{"footnotes":""},"categories":[1889],"tags":[1111,11,2430,1687,6751,1777,674,1011,27,2428,873,12,25,73162,73163],"class_list":{"0":"post-622065","1":"post","2":"type-post","3":"status-publish","4":"format-standard","5":"has-post-thumbnail","7":"category-lyon","8":"tag-actu","9":"tag-actualites","10":"tag-auvergne-rhone-alpes","11":"tag-culture-loisirs","12":"tag-edition-ain-ouest","13":"tag-eu","14":"tag-europe","15":"tag-fr","16":"tag-france","17":"tag-lyon","18":"tag-musique","19":"tag-news","20":"tag-republique-francaise","21":"tag-sainte-euphemie","22":"tag-trevoux-bassin"},"share_on_mastodon":{"url":"https:\/\/pubeurope.com\/@fr\/115781857670839453","error":""},"_links":{"self":[{"href":"https:\/\/www.europesays.com\/fr\/wp-json\/wp\/v2\/posts\/622065","targetHints":{"allow":["GET"]}}],"collection":[{"href":"https:\/\/www.europesays.com\/fr\/wp-json\/wp\/v2\/posts"}],"about":[{"href":"https:\/\/www.europesays.com\/fr\/wp-json\/wp\/v2\/types\/post"}],"author":[{"embeddable":true,"href":"https:\/\/www.europesays.com\/fr\/wp-json\/wp\/v2\/users\/2"}],"replies":[{"embeddable":true,"href":"https:\/\/www.europesays.com\/fr\/wp-json\/wp\/v2\/comments?post=622065"}],"version-history":[{"count":0,"href":"https:\/\/www.europesays.com\/fr\/wp-json\/wp\/v2\/posts\/622065\/revisions"}],"wp:featuredmedia":[{"embeddable":true,"href":"https:\/\/www.europesays.com\/fr\/wp-json\/wp\/v2\/media\/622066"}],"wp:attachment":[{"href":"https:\/\/www.europesays.com\/fr\/wp-json\/wp\/v2\/media?parent=622065"}],"wp:term":[{"taxonomy":"category","embeddable":true,"href":"https:\/\/www.europesays.com\/fr\/wp-json\/wp\/v2\/categories?post=622065"},{"taxonomy":"post_tag","embeddable":true,"href":"https:\/\/www.europesays.com\/fr\/wp-json\/wp\/v2\/tags?post=622065"}],"curies":[{"name":"wp","href":"https:\/\/api.w.org\/{rel}","templated":true}]}}