{"id":622069,"date":"2025-12-25T19:34:18","date_gmt":"2025-12-25T19:34:18","guid":{"rendered":"https:\/\/www.europesays.com\/fr\/622069\/"},"modified":"2025-12-25T19:34:18","modified_gmt":"2025-12-25T19:34:18","slug":"patrick-modiano-et-christian-mazzalai-ressuscitent-le-montparnasse-des-siecles-passes","status":"publish","type":"post","link":"https:\/\/www.europesays.com\/fr\/622069\/","title":{"rendered":"Patrick Modiano et Christian Mazzalai ressuscitent le Montparnasse des si\u00e8cles pass\u00e9s"},"content":{"rendered":"<p class=\"PopSlotParagraph qg-tx2 qg-xtra-lh svelte-1r0pyek\">Comment ressusciter un monde englouti\u00a0? Avec\u00a0 70 bis \u2013 Entr\u00e9e des artistes Patrick Modiano et Christian Mazzalai proposent de remonter le temps pour plonger dans le Montparnasse cosmopolite des si\u00e8cles pass\u00e9s. Nourris d\u2019un faramineux travail d\u2019enqu\u00eate et de fouille d\u2019archives, l\u2019ouvrage fait la somme des vies et des \u0153uvres qui se sont crois\u00e9es dans les ateliers de cet immeuble parisien.<\/p>\n<p class=\"PopSlotParagraph qg-tx2 qg-xtra-lh svelte-1r0pyek\">Christian Mazzalai et Patrick Modiano se sont c\u00f4toy\u00e9 quelques ann\u00e9es avant que ne naisse ce projet, \u00e0 la faveur de hasards. Le musicien raconte\u00a0: \u00ab\u00a0Tout cela n\u2019est qu\u2019une affaire de hasards, heureux, magiques, de moments impr\u00e9vus. J\u2019\u00e9tais dans un studio d\u2019enregistrement dans la rue Notre Dame des champs, et je passais tout le temps devant ce 70bis. J\u2019ai rencontr\u00e9 ce peintre, Claude Garache, et sa femme, H\u00e9l\u00e8ne Garache, qui est le dernier couple de ce cort\u00e8ge d\u2019artistes.\u00a0\u00bb Puis Mazzalai met la main sur une masse de documentation, un tr\u00e9sor d\u2019archives en tout genre, qui attise sa curiosit\u00e9\u00a0: \u00ab\u00a0Les traces me fascinent. Pour le 70bis, il y avait tellement de petits indices, j\u2019avais envie d\u2019aller jusqu\u2019au bout.\u00a0\u00bb<\/p>\n<p class=\"PopSlotParagraph qg-tx2 qg-xtra-lh svelte-1r0pyek\">De son c\u00f4t\u00e9, Modiano voit l\u00e0 l\u2019occasion de r\u00eaver autrement au quartier Montparnasse qu\u2019il connaissait adolescent comme un lieu \u00ab\u00a0assez triste\u00a0\u00bb. \u00ab\u00a0On sentait qu\u2019il s\u2019\u00e9tait pass\u00e9 beaucoup de choses et il y avait un c\u00f4t\u00e9 un peu d\u00e9sert\u00e9, enfin c\u2019est l\u2019impression que j\u2019avais. Quelques fois dans certains de mes livres cela ressurgit. Et donc, gr\u00e2ce \u00e0 Mazzalai, \u00e7a me rendait Montparnasse brusquement plus vivant.\u00a0\u00bb<\/p>\n<p class=\"PopSlotParagraph qg-tx2 qg-xtra-lh svelte-1r0pyek\">En effet, d\u00e8s le Second Empire, le quartier fourmille d\u2019artistes en tous genres, certains dont la post\u00e9rit\u00e9 a retenu le nom et d\u2019autres devenus anonymes. A partir des archives Modiano et Mazzalai font rena\u00eetre un monde dans lequel \u00ab\u00a0le peintre pompier J\u00e9r\u00f4me croisait le jeune Renoir, peut-\u00eatre sans le conna\u00eetre\u00a0\u00bb. Face \u00e0 cette foule bariol\u00e9e, disparate, l\u2019\u00e9crivain m\u00e8ne la revue\u00a0: \u00ab\u00a0On voit des gens \u00e0 diff\u00e9rentes \u00e9poques qui se succ\u00e8dent. C\u2019est tr\u00e8s romanesque. J\u2019ai essay\u00e9 de pr\u00e9senter les choses comme si c\u2019\u00e9tait une revue.\u00a0\u00bb<\/p>\n<p class=\"PopSlotParagraph qg-tx2 qg-xtra-lh svelte-1r0pyek\"><strong>Plus d&rsquo;informations<\/strong><\/p>\n<ul>\n<li>70 bis, entr\u00e9e des artistes a paru dans la Collection Blanche de Gallimard, le 2 octobre 2025<\/li>\n<\/ul>\n<p class=\"PopSlotParagraph qg-tx2 qg-xtra-lh svelte-1r0pyek\"><strong>Extraits sonores<\/strong><\/p>\n<ul>\n<li>Robert Rey parle de l&rsquo;\u00e2ge d&rsquo;or du quartier Montparnasse dans l&rsquo;\u00e9mission\u00a0L&rsquo;art et la vie du jeudi 05 janvier 1950<\/li>\n<li>Lecture d&rsquo;un extrait de\u00a070 bis, entr\u00e9e des artistes par Oriane Delacroix<\/li>\n<li>La chanson de fin\u00a0: \u00ab\u00a0Etonnez-moi beno\u00eet\u00a0\u00bb de Fran\u00e7oise Hardy, \u00e9crite par Patrick Modiano<\/li>\n<\/ul>\n","protected":false},"excerpt":{"rendered":"Comment ressusciter un monde englouti\u00a0? Avec\u00a0 70 bis \u2013 Entr\u00e9e des artistes Patrick Modiano et Christian Mazzalai proposent&hellip;\n","protected":false},"author":2,"featured_media":622070,"comment_status":"","ping_status":"","sticky":false,"template":"","format":"standard","meta":{"footnotes":""},"categories":[1888],"tags":[1111,1928,11,1927,1777,674,1011,27,12,1926,626,1925,25],"class_list":{"0":"post-622069","1":"post","2":"type-post","3":"status-publish","4":"format-standard","5":"has-post-thumbnail","7":"category-paris","8":"tag-actu","9":"tag-actu-paris","10":"tag-actualites","11":"tag-actualites-paris","12":"tag-eu","13":"tag-europe","14":"tag-fr","15":"tag-france","16":"tag-news","17":"tag-news-paris","18":"tag-paris","19":"tag-paris-news","20":"tag-republique-francaise"},"share_on_mastodon":{"url":"https:\/\/pubeurope.com\/@fr\/115781885371665974","error":""},"_links":{"self":[{"href":"https:\/\/www.europesays.com\/fr\/wp-json\/wp\/v2\/posts\/622069","targetHints":{"allow":["GET"]}}],"collection":[{"href":"https:\/\/www.europesays.com\/fr\/wp-json\/wp\/v2\/posts"}],"about":[{"href":"https:\/\/www.europesays.com\/fr\/wp-json\/wp\/v2\/types\/post"}],"author":[{"embeddable":true,"href":"https:\/\/www.europesays.com\/fr\/wp-json\/wp\/v2\/users\/2"}],"replies":[{"embeddable":true,"href":"https:\/\/www.europesays.com\/fr\/wp-json\/wp\/v2\/comments?post=622069"}],"version-history":[{"count":0,"href":"https:\/\/www.europesays.com\/fr\/wp-json\/wp\/v2\/posts\/622069\/revisions"}],"wp:featuredmedia":[{"embeddable":true,"href":"https:\/\/www.europesays.com\/fr\/wp-json\/wp\/v2\/media\/622070"}],"wp:attachment":[{"href":"https:\/\/www.europesays.com\/fr\/wp-json\/wp\/v2\/media?parent=622069"}],"wp:term":[{"taxonomy":"category","embeddable":true,"href":"https:\/\/www.europesays.com\/fr\/wp-json\/wp\/v2\/categories?post=622069"},{"taxonomy":"post_tag","embeddable":true,"href":"https:\/\/www.europesays.com\/fr\/wp-json\/wp\/v2\/tags?post=622069"}],"curies":[{"name":"wp","href":"https:\/\/api.w.org\/{rel}","templated":true}]}}