{"id":622071,"date":"2025-12-25T19:35:40","date_gmt":"2025-12-25T19:35:40","guid":{"rendered":"https:\/\/www.europesays.com\/fr\/622071\/"},"modified":"2025-12-25T19:35:40","modified_gmt":"2025-12-25T19:35:40","slug":"la-reprise-sur-les-planches-des-demoiselles-de-rochefort-enchante-le-lido-a-paris","status":"publish","type":"post","link":"https:\/\/www.europesays.com\/fr\/622071\/","title":{"rendered":"la reprise sur les planches des \u00ab\u00a0Demoiselles de Rochefort\u00a0\u00bb enchante le Lido \u00e0 Paris"},"content":{"rendered":"\n<p class=\"c-chapo \">\n  Cette adaptation du film de Jacques Demy, sorti en 1967, se joue sur les planches du th\u00e9\u00e2tre du Lido \u00e0 Paris depuis le 2 octobre, et va \u00eatre prolong\u00e9 jusqu\u2019au 21 juin 2026.\n<\/p>\n<p>      lire plus tard<\/p>\n<p id=\"dialog__title\" class=\"dialog__title\">Pour sauvegarder cet article, connectez-vous ou cr\u00e9ez un compte franceinfo<\/p>\n<p class=\"dialog__description\">Sans paiement. Sans abonnement.<\/p>\n<p>        Fermer la fen\u00eatre d\u2019activation des notifications France Info<\/p>\n<p>      cr\u00e9er votre compte<\/p>\n<p>      se connecter<\/p>\n<p>      :<\/p>\n<p>        Fermer la fen\u00eatre de pr\u00e9sentation<\/p>\n<p>    <img loading=\"lazy\" decoding=\"async\" class=\"signature__image lazyload\" width=\"100\" height=\"100\" data- alt=\"\" src=\"https:\/\/www.europesays.com\/fr\/wp-content\/uploads\/2025\/07\/anne-chepeau-65e601666d9ec483359792.png\"\/><\/p>\n<p>    Publi\u00e9 le 24\/12\/2025 10:55<\/p>\n<p>        Temps de lecture : 2min<\/p>\n<p>    <img decoding=\"async\"  alt=\"Face au succ\u00e8s, le spectacle &quot;Les demoiselles de Rochefort&quot; est prolong\u00e9 jusqu'au 21 juin 2026. (LP \/ OLIVIER ARANDEL \/ MAXPPP)\" width=\"432\" height=\"243\" src=\"https:\/\/www.europesays.com\/fr\/wp-content\/uploads\/2025\/12\/maxnewsspecialtwo355857-690cbb191d985732441209.jpg\" fetchpriority=\"high\"\/><\/p>\n<p>      Face au succ\u00e8s, le spectacle \u00ab\u00a0Les demoiselles de Rochefort\u00a0\u00bb est prolong\u00e9 jusqu&rsquo;au 21 juin 2026. (LP \/ OLIVIER ARANDEL \/ MAXPPP)<\/p>\n<p>C\u2019est le grand succ\u00e8s de cet hiver \u00e0 Paris\u00a0: <a href=\"http:\/\/www.franceinfo.fr\/culture\/spectacles\/comedies-musicales\/interview-les-demoiselles-de-rochefort-c-est-tres-tres-difficile-a-chanter-jean-luc-choplin-adapte-le-film-de-jacques-demy-en-comedie-musicale-pour-le-lido_7523368.html#:~:text=%22Les%20Demoiselles%20de%20Rochefort%22%20au,Stern%20dans%20les%20r%C3%B4les%20principaux\" target=\"_self\" rel=\"noopener noreferrer nofollow\" data-tooltip-url=\"\/culture\/spectacles\/comedies-musicales\/interview-les-demoiselles-de-rochefort-c-est-tres-tres-difficile-a-chanter-jean-luc-choplin-adapte-le-film-de-jacques-demy-en-comedie-musicale-pour-le-lido_7523368.html#:~:text=%22Les%20Demoiselles%20de%20Rochefort%22%20au,Stern%20dans%20les%20r%C3%B4les%20principaux\">la com\u00e9die musicale Les Demoiselles de Rochefort<\/a>, adapt\u00e9e du film de Jacques Demy avec une musique de Michel Legrand, affiche complet en cette fin d\u2019ann\u00e9e. Le th\u00e9\u00e2tre du Lido a d\u00e9j\u00e0 vendu plus de 90\u00a0000 billets depuis le lancement du spectacle le 2 octobre.<\/p>\n<p>Un tel succ\u00e8s tient \u00e0 l\u2019histoire elle-m\u00eame, selon le metteur en sc\u00e8ne Gilles Rico. \u00ab\u00a0Il y a une vraie modernit\u00e9 dans le texte, avec des personnages f\u00e9minins extr\u00eamement forts et qui sont en lutte contre le patriarcat dans les ann\u00e9es 60 et qui veulent s&rsquo;affirmer\u00a0\u00bb, avance-t-il. \u00ab\u00a0On touche aussi \u00e0 des universaux, qu&rsquo;on retrouve dans notre culture\u00a0: cette recherche de l&rsquo;amour, de ce que signifie l&rsquo;amour et qu&rsquo;un choix peut faire basculer une vie enti\u00e8re. Je pense que \u00e7a touche \u00e9norm\u00e9ment les gens encore aujourd&rsquo;hui.\u00a0\u00bb<\/p>\n<p>Si le spectacle reste tr\u00e8s fid\u00e8le au film de Jacques Demy, il a tout de m\u00eame fallu imaginer une version pour la sc\u00e8ne. Alors que le film est \u00ab\u00a0tourn\u00e9 en ext\u00e9rieur avec un soleil resplendissant\u00a0\u00bb, Gilles Rico a d\u00fb r\u00e9fl\u00e9chir \u00e0 la mani\u00e8re de le mettre en sc\u00e8ne \u00ab\u00a0dans une une salle obscure, en int\u00e9rieur\u00a0\u00bb. \u00ab\u00a0L&rsquo;id\u00e9e, c&rsquo;\u00e9tait de cr\u00e9er un spectacle, une com\u00e9die musicale \u00e0 partir des Demoiselles de Rochefort plut\u00f4t que d&rsquo;essayer de faire un copier-coller du film\u00a0\u00bb, explique-t-il.<\/p>\n<p>La seule v\u00e9ritable \u00e9vocation des ext\u00e9rieurs est le pont transbordeur recr\u00e9\u00e9 en 3D. La sc\u00e9nographie tr\u00e8s inventive fait oublier l\u2019absence des rues de Rochefort. Le spectateur peut facilement se laisse emporter par l\u2019\u00e9nergie des 24 com\u00e9diens, chanteurs et danseurs. Parmi eux, la mezzo-soprano Sophia Stern reprend le r\u00f4le de Solange, une des deux jumelles, jou\u00e9e \u00e0 l\u2019origine par Fran\u00e7oise Dorl\u00e9ac, aux c\u00f4t\u00e9s de Catherine Deneuve. Enfant, Sophia et sa s\u0153ur \u00e9tait fan des com\u00e9dies musicales. \u00ab\u00a0Les Demoiselles de Rochefort \u00e9tait une de nos pr\u00e9f\u00e9r\u00e9es\u00a0\u00bb, se souvient-elle.<\/p>\n<blockquote class=\"ftvi_content_quote\">\n<p class=\"ftvi_citation_quote\">\u00ab\u00a0Je chantais Solange et je crois que la petite version de moi \u00e0 5 ans serait compl\u00e8tement \u00e9merveill\u00e9e et tr\u00e8s heureuse.\u00a0\u00bb<\/p>\n<p>Sophia Stern, com\u00e9dienne dans le r\u00f4le de Solange<\/p>\n<p class=\"ftvi_citation_source\">\u00e0 franceinfo<\/p>\n<\/blockquote>\n<p>Sur sc\u00e8ne, la com\u00e9dienne est port\u00e9e par un orchestre de 14 musiciens. \u00ab\u00a0D&rsquo;avoir cet accompagnement, \u00e7a nous procure \u00e9norm\u00e9ment d&rsquo;\u00e9nergie. On comprend aussi cette musique d&rsquo;une autre mani\u00e8re, les rythmes sont dansant, \u00e7a swingue, c&rsquo;est compl\u00e8tement jouissif\u00a0\u00bb, s&rsquo;extasie Sophia Stern. De quoi faire vivre, presque 60 ans apr\u00e8s la sortie du film, une histoire porteuse d\u2019optimisme et de r\u00eave.<\/p>\n<p>\n          La reprise sur les planches des \u00ab\u00a0Demoiselles de Rochefort\u00a0\u00bb enchante le Lido \u00e0 Paris. Reportage d&rsquo;Anne Ch\u00e9peau\n        <\/p>\n<p>\u00ab\u00a0&gt;<\/p>\n<p>      \u00e9couter (6min)<\/p>\n","protected":false},"excerpt":{"rendered":"Cette adaptation du film de Jacques Demy, sorti en 1967, se joue sur les planches du th\u00e9\u00e2tre du&hellip;\n","protected":false},"author":2,"featured_media":622072,"comment_status":"","ping_status":"","sticky":false,"template":"","format":"standard","meta":{"footnotes":""},"categories":[1888],"tags":[1111,1928,11,1927,1777,674,1011,27,12,1926,626,1925,25],"class_list":{"0":"post-622071","1":"post","2":"type-post","3":"status-publish","4":"format-standard","5":"has-post-thumbnail","7":"category-paris","8":"tag-actu","9":"tag-actu-paris","10":"tag-actualites","11":"tag-actualites-paris","12":"tag-eu","13":"tag-europe","14":"tag-fr","15":"tag-france","16":"tag-news","17":"tag-news-paris","18":"tag-paris","19":"tag-paris-news","20":"tag-republique-francaise"},"share_on_mastodon":{"url":"https:\/\/pubeurope.com\/@fr\/115781891151534153","error":""},"_links":{"self":[{"href":"https:\/\/www.europesays.com\/fr\/wp-json\/wp\/v2\/posts\/622071","targetHints":{"allow":["GET"]}}],"collection":[{"href":"https:\/\/www.europesays.com\/fr\/wp-json\/wp\/v2\/posts"}],"about":[{"href":"https:\/\/www.europesays.com\/fr\/wp-json\/wp\/v2\/types\/post"}],"author":[{"embeddable":true,"href":"https:\/\/www.europesays.com\/fr\/wp-json\/wp\/v2\/users\/2"}],"replies":[{"embeddable":true,"href":"https:\/\/www.europesays.com\/fr\/wp-json\/wp\/v2\/comments?post=622071"}],"version-history":[{"count":0,"href":"https:\/\/www.europesays.com\/fr\/wp-json\/wp\/v2\/posts\/622071\/revisions"}],"wp:featuredmedia":[{"embeddable":true,"href":"https:\/\/www.europesays.com\/fr\/wp-json\/wp\/v2\/media\/622072"}],"wp:attachment":[{"href":"https:\/\/www.europesays.com\/fr\/wp-json\/wp\/v2\/media?parent=622071"}],"wp:term":[{"taxonomy":"category","embeddable":true,"href":"https:\/\/www.europesays.com\/fr\/wp-json\/wp\/v2\/categories?post=622071"},{"taxonomy":"post_tag","embeddable":true,"href":"https:\/\/www.europesays.com\/fr\/wp-json\/wp\/v2\/tags?post=622071"}],"curies":[{"name":"wp","href":"https:\/\/api.w.org\/{rel}","templated":true}]}}