{"id":622078,"date":"2025-12-25T19:40:22","date_gmt":"2025-12-25T19:40:22","guid":{"rendered":"https:\/\/www.europesays.com\/fr\/622078\/"},"modified":"2025-12-25T19:40:22","modified_gmt":"2025-12-25T19:40:22","slug":"guerre-en-ukraine-negociations-et-message-du-pape-pour-le-jour-de-noel","status":"publish","type":"post","link":"https:\/\/www.europesays.com\/fr\/622078\/","title":{"rendered":"Guerre en Ukraine : N\u00e9gociations et message du pape pour le jour de No\u00ebl"},"content":{"rendered":"<p class=\"mb-4 text-lg md:leading-8 break-words\"><strong>R\u00e9cap &#8211; \u00ab\u00a020 Minutes\u00a0\u00bb fait le point pour vous tous les soirs sur le conflit en Ukraine. Ce jeudi 25\u00a0d\u00e9cembre, le pr\u00e9sident ukrainien Volodymyr Zelensky a annonc\u00e9 avoir eu une \u00ab\u00a0tr\u00e8s bonne conversation\u00a0\u00bb avec les \u00e9missaires am\u00e9ricains<\/strong><\/p>\n<p class=\"mb-4 text-lg md:leading-8 break-words\">Vous avez rat\u00e9 les derniers \u00e9v\u00e9nements sur la <a href=\"https:\/\/www.20minutes.fr\/monde\/ukraine\/?at_medium=RSS%20feed&amp;at_campaign=ynews&amp;utm_source=yahoo&amp;utm_medium=rss&amp;utm_campaign=news_feed&amp;utm_content=in_article_link\" rel=\"nofollow noopener\" target=\"_blank\" data-ylk=\"slk:guerre en Ukraine;elm:context_link;itc:0;sec:content-canvas\" class=\"link \">guerre en Ukraine<\/a>\u00a0? 20 Minutes fait le point pour vous tous les soirs. Voici l\u2019essentiel de ce jeudi 25\u00a0d\u00e9cembre, au 1.401e jour du conflit.<\/p>\n<p>Le fait du jour<\/p>\n<p class=\"mb-4 text-lg md:leading-8 break-words\">Le pr\u00e9sident ukrainien <a href=\"https:\/\/www.20minutes.fr\/monde\/volodymyr-zelensky\/?at_medium=RSS%20feed&amp;at_campaign=ynews&amp;utm_source=yahoo&amp;utm_medium=rss&amp;utm_campaign=news_feed&amp;utm_content=in_article_link\" rel=\"nofollow noopener\" target=\"_blank\" data-ylk=\"slk:Volodymyr Zelensky;elm:context_link;itc:0;sec:content-canvas\" class=\"link \">Volodymyr Zelensky<\/a> a annonc\u00e9 ce jeudi avoir discut\u00e9 au t\u00e9l\u00e9phone avec les \u00e9missaires am\u00e9ricains Steve Witkoff et <a href=\"https:\/\/www.20minutes.fr\/monde\/jared-kushner\/?at_medium=RSS%20feed&amp;at_campaign=ynews&amp;utm_source=yahoo&amp;utm_medium=rss&amp;utm_campaign=news_feed&amp;utm_content=in_article_link\" rel=\"nofollow noopener\" target=\"_blank\" data-ylk=\"slk:Jared Kushner;elm:context_link;itc:0;sec:content-canvas\" class=\"link \">Jared Kushner<\/a>, sur les d\u00e9tails du nouveau plan am\u00e9ricain visant \u00e0 mettre fin \u00e0 la guerre avec la <a href=\"https:\/\/www.20minutes.fr\/monde\/russie\/?at_medium=RSS%20feed&amp;at_campaign=ynews&amp;utm_source=yahoo&amp;utm_medium=rss&amp;utm_campaign=news_feed&amp;utm_content=in_article_link\" rel=\"nofollow noopener\" target=\"_blank\" data-ylk=\"slk:Russie;elm:context_link;itc:0;sec:content-canvas\" class=\"link \">Russie<\/a>. \u00ab\u00a0Il existe de bonnes id\u00e9es qui peuvent contribuer \u00e0 un r\u00e9sultat commun et \u00e0 une paix durable\u00a0\u00bb, a-t-il comment\u00e9 sur Facebook. Il a affirm\u00e9 avoir eu une \u00ab\u00a0tr\u00e8s bonne conversation\u00a0\u00bb avec les \u00e9missaires am\u00e9ricains et les a remerci\u00e9s pour \u00ab\u00a0leur approche constructive, leur travail intensif et leurs paroles aimables\u00a0\u00bb.<\/p>\n<p class=\"mb-4 text-lg md:leading-8 break-words\">Le pr\u00e9sident ukrainien avait r\u00e9v\u00e9l\u00e9 mercredi la nouvelle mouture du plan am\u00e9ricain visant \u00e0 mettre fin \u00e0 la guerre entre la Russie et l\u2019Ukraine, n\u00e9goci\u00e9e depuis des semaines entre <a href=\"https:\/\/www.20minutes.fr\/dossier\/washington?at_medium=RSS%20feed&amp;at_campaign=ynews&amp;utm_source=yahoo&amp;utm_medium=rss&amp;utm_campaign=news_feed&amp;utm_content=in_article_link\" rel=\"nofollow noopener\" target=\"_blank\" data-ylk=\"slk:Washington;elm:context_link;itc:0;sec:content-canvas\" class=\"link \">Washington<\/a> et Kiev. Ce texte pr\u00e9voit un gel du front aux lignes actuelles tout en n\u2019offrant aucune solution imm\u00e9diate sur l\u2019\u00e9pineuse question des territoires occup\u00e9s par la Russie, qui repr\u00e9sentent plus de 19\u00a0% de l\u2019Ukraine.<\/p>\n<p class=\"mb-4 text-lg md:leading-8 break-words\">Contrairement \u00e0 la version originale, r\u00e9dig\u00e9e par les Am\u00e9ricains, de ce document, la nouvelle mouture laisse de c\u00f4t\u00e9 deux exigences majeures de Moscou\u00a0: un retrait des forces ukrainiennes des territoires du Donbass encore sous leur contr\u00f4le et un engagement juridiquement contraignant de Kiev \u00e0 ne pas adh\u00e9rer \u00e0 l\u2019Otan. Pour cette r(&#8230;)<\/p>\n<p class=\"mb-4 text-lg md:leading-8 break-words\"><a href=\"https:\/\/www.20minutes.fr\/monde\/ukraine\/4193209-20251225-guerre-ukraine-negociations-message-pape-jour-noel?at_medium=RSS%20feed&amp;at_campaign=ynews&amp;utm_source=yahoo&amp;utm_medium=rss&amp;utm_campaign=news_feed&amp;utm_content=read_more_link&quot;\" rel=\"nofollow noopener\" target=\"_blank\" data-ylk=\"slk:Lire la suite sur 20minutes;elm:context_link;itc:0;sec:content-canvas\" class=\"link \">Lire la suite sur 20minutes<\/a><\/p>\n<p>\u00c0 lire aussi :<br \/><a href=\"https:\/\/www.20minutes.fr\/monde\/ukraine\/4193021-20251223-guerre-ukraine-inquietudes-tchernobyl-deluge-missiles-drones?at_medium=RSS%20feed&amp;at_campaign=ynews&amp;utm_source=yahoo&amp;utm_medium=rss&amp;utm_campaign=news_feed&amp;utm_content=related_content_link\" rel=\"nofollow noopener\" target=\"_blank\" data-ylk=\"slk:Guerre en Ukraine\u00a0: Inqui\u00e9tudes pour Tchernobyl et d\u00e9luge de missiles et de drones;elm:context_link;itc:0;sec:content-canvas\" class=\"link \">Guerre en Ukraine\u00a0: Inqui\u00e9tudes pour Tchernobyl et d\u00e9luge de missiles et de drones<\/a><br \/><a href=\"https:\/\/www.20minutes.fr\/monde\/ukraine\/4192882-20251222-guerre-ukraine-general-russe-tue-moscou-ville-odessa-sous-bombes?at_medium=RSS%20feed&amp;at_campaign=ynews&amp;utm_source=yahoo&amp;utm_medium=rss&amp;utm_campaign=news_feed&amp;utm_content=related_content_link\" rel=\"nofollow noopener\" target=\"_blank\" data-ylk=\"slk:Guerre en Ukraine\u00a0: Un g\u00e9n\u00e9ral russe tu\u00e9 \u00e0 Moscou et la ville d\u2019Odessa sous les bombes;elm:context_link;itc:0;sec:content-canvas\" class=\"link \">Guerre en Ukraine\u00a0: Un g\u00e9n\u00e9ral russe tu\u00e9 \u00e0 Moscou et la ville d\u2019Odessa sous les bombes<\/a><\/p>\n","protected":false},"excerpt":{"rendered":"R\u00e9cap &#8211; \u00ab\u00a020 Minutes\u00a0\u00bb fait le point pour vous tous les soirs sur le conflit en Ukraine. Ce&hellip;\n","protected":false},"author":2,"featured_media":622079,"comment_status":"","ping_status":"","sticky":false,"template":"","format":"standard","meta":{"footnotes":""},"categories":[1590],"tags":[642,11,1777,674,22276,2489,12,220,134],"class_list":{"0":"post-622078","1":"post","2":"type-post","3":"status-publish","4":"format-standard","5":"has-post-thumbnail","7":"category-ukraine","8":"tag-20-minutes","9":"tag-actualites","10":"tag-eu","11":"tag-europe","12":"tag-jared-kushner","13":"tag-la-russie","14":"tag-news","15":"tag-ukraine","16":"tag-volodymyr-zelensky"},"share_on_mastodon":{"url":"https:\/\/pubeurope.com\/@fr\/115781908868698191","error":""},"_links":{"self":[{"href":"https:\/\/www.europesays.com\/fr\/wp-json\/wp\/v2\/posts\/622078","targetHints":{"allow":["GET"]}}],"collection":[{"href":"https:\/\/www.europesays.com\/fr\/wp-json\/wp\/v2\/posts"}],"about":[{"href":"https:\/\/www.europesays.com\/fr\/wp-json\/wp\/v2\/types\/post"}],"author":[{"embeddable":true,"href":"https:\/\/www.europesays.com\/fr\/wp-json\/wp\/v2\/users\/2"}],"replies":[{"embeddable":true,"href":"https:\/\/www.europesays.com\/fr\/wp-json\/wp\/v2\/comments?post=622078"}],"version-history":[{"count":0,"href":"https:\/\/www.europesays.com\/fr\/wp-json\/wp\/v2\/posts\/622078\/revisions"}],"wp:featuredmedia":[{"embeddable":true,"href":"https:\/\/www.europesays.com\/fr\/wp-json\/wp\/v2\/media\/622079"}],"wp:attachment":[{"href":"https:\/\/www.europesays.com\/fr\/wp-json\/wp\/v2\/media?parent=622078"}],"wp:term":[{"taxonomy":"category","embeddable":true,"href":"https:\/\/www.europesays.com\/fr\/wp-json\/wp\/v2\/categories?post=622078"},{"taxonomy":"post_tag","embeddable":true,"href":"https:\/\/www.europesays.com\/fr\/wp-json\/wp\/v2\/tags?post=622078"}],"curies":[{"name":"wp","href":"https:\/\/api.w.org\/{rel}","templated":true}]}}