{"id":622080,"date":"2025-12-25T19:41:13","date_gmt":"2025-12-25T19:41:13","guid":{"rendered":"https:\/\/www.europesays.com\/fr\/622080\/"},"modified":"2025-12-25T19:41:13","modified_gmt":"2025-12-25T19:41:13","slug":"edito-europe-usa-le-divorce-le-telegramme","status":"publish","type":"post","link":"https:\/\/www.europesays.com\/fr\/622080\/","title":{"rendered":"[\u00c9dito] Europe-USA\u00a0: le divorce | Le T\u00e9l\u00e9gramme"},"content":{"rendered":"<p>Au tournant du quart de si\u00e8cle, le d\u00e9sordre politique interroge sur l\u2019avenir m\u00eame de notre mod\u00e8le social. Inqui\u00e9tant. Mais, comme le dit la sagesse populaire, on trouve toujours pire que soi. Et, dans le monde en bouleversement, nul doute que 2025 fera date pour l\u2019Europe. Les 27 restent globalement unis autour de l\u2019Ukraine mais, ce n\u2019est certes pas tr\u00e8s nouveau, ils manquent d\u2019oxyg\u00e8ne politique. De puissance \u00e9conomique. Et souvent de coh\u00e9sion comme on vient encore de le v\u00e9rifier sur le dossier du Mercosur. Le plus important est ailleurs\u00a0: l\u2019Europe, en quelques mois, a perdu rep\u00e8res strat\u00e9giques, garanties de s\u00e9curit\u00e9. Et alliances historiques. Le divorce \u00e0 l\u2019am\u00e9ricaine qu\u2019impose l\u2019administration Trump a fait voler en \u00e9clats les derni\u00e8res certitudes atlantistes, particuli\u00e8rement au nord du Continent europ\u00e9en. L\u2019Am\u00e9rique qui pourchasse les immigr\u00e9s, s\u2019arrange avec Poutine, menace le Venezuela ou lorgne sur le Groenland s\u2019est retir\u00e9e sous son auvent de puissance \u00e9conomique et militaire dominante. Les r\u00e8gles commerciales ont v\u00e9cu. Cynique, Donald Trump a inflig\u00e9 aux Europ\u00e9ens l\u2019humiliation de droits de douane \u00e0 sens unique. Mena\u00e7ant, il a tordu le bras de la Commission europ\u00e9enne et des 27 chefs d\u2019\u00c9tat et de gouvernement en jouant du chantage \u00e0 l\u2019aide militaire \u00e0 l\u2019Ukraine. Le business d\u2019abord. En interdisant d\u2019acc\u00e8s aux \u00c9tats-Unis l\u2019ex-commissaire europ\u00e9en Thierry Breton, accus\u00e9 de \u00ab\u00a0g\u00eaner\u00a0\u00bb l\u2019activit\u00e9 des Gafam en Europe, Washington passe du racket organis\u00e9 au registre intimidation\/chantage. Contester l\u2019application des lois num\u00e9riques vot\u00e9es par les dirigeants et 90\u00a0% des d\u00e9put\u00e9s europ\u00e9ens pour r\u00e9guler les r\u00e9seaux sociaux rel\u00e8ve, au mieux, de l\u2019ing\u00e9rence au c\u0153ur de nos d\u00e9mocraties. Inacceptable. Les capitales europ\u00e9ennes s\u2019indignent. Le divorce n\u2019est, \u00e0 ce stade, plus tr\u00e8s loin d\u2019\u00eatre consomm\u00e9.<\/p>\n","protected":false},"excerpt":{"rendered":"Au tournant du quart de si\u00e8cle, le d\u00e9sordre politique interroge sur l\u2019avenir m\u00eame de notre mod\u00e8le social. Inqui\u00e9tant.&hellip;\n","protected":false},"author":2,"featured_media":622081,"comment_status":"","ping_status":"","sticky":false,"template":"","format":"standard","meta":{"footnotes":""},"categories":[1589],"tags":[11,73,1866,74,12,1427,1864,1865,1863,308],"class_list":{"0":"post-622080","1":"post","2":"type-post","3":"status-publish","4":"format-standard","5":"has-post-thumbnail","7":"category-etats-unis","8":"tag-actualites","9":"tag-etats-unis","10":"tag-etats-unis-damerique","11":"tag-monde","12":"tag-news","13":"tag-opinions","14":"tag-united-states","15":"tag-united-states-of-america","16":"tag-us","17":"tag-usa"},"share_on_mastodon":{"url":"https:\/\/pubeurope.com\/@fr\/115781912786199749","error":""},"_links":{"self":[{"href":"https:\/\/www.europesays.com\/fr\/wp-json\/wp\/v2\/posts\/622080","targetHints":{"allow":["GET"]}}],"collection":[{"href":"https:\/\/www.europesays.com\/fr\/wp-json\/wp\/v2\/posts"}],"about":[{"href":"https:\/\/www.europesays.com\/fr\/wp-json\/wp\/v2\/types\/post"}],"author":[{"embeddable":true,"href":"https:\/\/www.europesays.com\/fr\/wp-json\/wp\/v2\/users\/2"}],"replies":[{"embeddable":true,"href":"https:\/\/www.europesays.com\/fr\/wp-json\/wp\/v2\/comments?post=622080"}],"version-history":[{"count":0,"href":"https:\/\/www.europesays.com\/fr\/wp-json\/wp\/v2\/posts\/622080\/revisions"}],"wp:featuredmedia":[{"embeddable":true,"href":"https:\/\/www.europesays.com\/fr\/wp-json\/wp\/v2\/media\/622081"}],"wp:attachment":[{"href":"https:\/\/www.europesays.com\/fr\/wp-json\/wp\/v2\/media?parent=622080"}],"wp:term":[{"taxonomy":"category","embeddable":true,"href":"https:\/\/www.europesays.com\/fr\/wp-json\/wp\/v2\/categories?post=622080"},{"taxonomy":"post_tag","embeddable":true,"href":"https:\/\/www.europesays.com\/fr\/wp-json\/wp\/v2\/tags?post=622080"}],"curies":[{"name":"wp","href":"https:\/\/api.w.org\/{rel}","templated":true}]}}