{"id":622084,"date":"2025-12-25T19:43:24","date_gmt":"2025-12-25T19:43:24","guid":{"rendered":"https:\/\/www.europesays.com\/fr\/622084\/"},"modified":"2025-12-25T19:43:24","modified_gmt":"2025-12-25T19:43:24","slug":"comment-le-traite-de-versailles-a-t-il-faconne-lentre-deux-guerres","status":"publish","type":"post","link":"https:\/\/www.europesays.com\/fr\/622084\/","title":{"rendered":"Comment le trait\u00e9 de Versailles a-t-il fa\u00e7onn\u00e9 l\u2019entre-deux-guerres ?"},"content":{"rendered":"<p>Apr\u00e8s la fin de la Premi\u00e8re Guerre mondiale, la signature du trait\u00e9 de Versailles a lieu le 28\u00a0juin 1919. Il s\u2019agit d\u2019une date symbolique, car elle marque le cinqui\u00e8me anniversaire de l\u2019attentat de Sarajevo. Cet \u00e9v\u00e9nement se d\u00e9roule au ch\u00e2teau de Versailles, au sein de la galerie des Glaces. L\u00e0 encore, le lieu n\u2019est pas choisi au hasard puisqu\u2019il fut le cadre de la proclamation de l\u2019Empire allemand, en 1871. Ce trait\u00e9 de paix marque des sanctions \u00e9conomiques, militaires et territoriales envers l\u2019Allemagne, ainsi que ses pays alli\u00e9s.<\/p>\n<p>Date : quelle est l\u2019organisation du trait\u00e9 de Versailles du 28 juin 1919 et par qui a-t-il \u00e9t\u00e9 sign\u00e9 ?<\/p>\n<p>Afin de ratifier le trait\u00e9 de Versailles, 27 pays sont convi\u00e9s \u00e0 la table des n\u00e9gociations. Toutefois, la majorit\u00e9 des d\u00e9cisions est prise par le Conseil des Dix. Ce dernier se constitue des ministres des Affaires \u00e9trang\u00e8res, des pr\u00e9sidents ou des Premiers ministres de cinq nations\u00a0: le Japon, la France, les \u00c9tats-Unis, l\u2019Italie et la Grande-Bretagne. Parmi les principaux artisans de ce trait\u00e9 de paix, on peut \u00e9voquer <a href=\"https:\/\/www.caminteresse.fr\/histoire\/georges-clemenceau-le-tigre-qui-a-faconne-la-france-moderne-11196504\/\" rel=\"nofollow noopener\" target=\"_blank\">Georges Clemenceau<\/a>, Woodrow Wilson et David Lloyd George. Toutefois, les intentions des gouvernements divergent. La France souhaite s\u2019octroyer la rive gauche du Rhin et l\u2019Alsace-Lorraine. De plus, elle exige de fortes sanctions financi\u00e8res. La Grande-Bretagne veut affaiblir l\u2019\u00e9conomie de l\u2019Allemagne. Quant aux \u00c9tats-Unis, ils d\u00e9sirent restaurer les \u00e9changes commerciaux.<\/p>\n<p>Clauses : quelles ont \u00e9t\u00e9 les cons\u00e9quences des accords de Versailles sur l\u2019Allemagne ?<\/p>\n<p>Le trait\u00e9 de Versailles <a href=\"https:\/\/www.caminteresse.fr\/histoire\/premiere-guerre-mondiale-les-dates-cles-de-la-guerre-14-18-a-connaitre-176591\/\" rel=\"nofollow noopener\" target=\"_blank\">fait l\u2019objet d\u2019\u00e2pres n\u00e9gociations<\/a>. Pour autant, aucun des pays alli\u00e9s n\u2019y trouve une pleine satisfaction, y compris la France et la Grande-Bretagne. Les concessions sont nombreuses, mais les sanctions sont particuli\u00e8rement punitives envers l\u2019Allemagne. Cette derni\u00e8re ne dispose plus de ses colonies, qui sont plac\u00e9es sous la tutelle de la Soci\u00e9t\u00e9 des Nations. Parmi les clauses militaires, l\u2019arm\u00e9e allemande ne compte plus que 100\u00a0000 soldats. Le pays doit aussi payer une dette de 269 milliards de marks-or au titre des r\u00e9parations des pertes subies. De plus, l\u2019Allemagne est contrainte de juger <a href=\"https:\/\/www.caminteresse.fr\/histoire\/premiere-guerre-mondiale-les-dates-cles-de-la-guerre-14-18-a-connaitre-176591\/\" rel=\"nofollow noopener\" target=\"_blank\">l\u2019empereur Guillaume\u00a0II<\/a> pour crimes de guerre.<\/p>\n<p>Quel impact a eu ce trait\u00e9 de paix sur l\u2019entre-deux-guerres\u00a0?<\/p>\n<p>Au cours des ann\u00e9es\u00a01920, le trait\u00e9 de Versailles plonge l\u2019Allemagne dans une crise profonde, qui impacte l\u2019\u00e9conomie du pays. Elle engendre une hyperinflation qui constitue l\u2019un des facteurs de la Grande D\u00e9pression. Dans ce contexte d\u00e9l\u00e9t\u00e8re, on peut aussi avancer la mont\u00e9e des extr\u00e9mismes. En politique, <a href=\"https:\/\/www.caminteresse.fr\/histoire\/comment-les-nazis-prirent-le-pouvoir-122758\/\" rel=\"nofollow noopener\" target=\"_blank\">les discours du NSDAP<\/a>, le Parti national-socialiste des travailleurs allemands, ou parti nazi, et la popularit\u00e9 d\u2019Hitler amorcent les pr\u00e9mices du IIIe\u00a0Reich. Per\u00e7u comme une humiliation, le trait\u00e9 de Versailles exacerbe le sentiment nationaliste en Allemagne. Il suscite du ressentiment et une soif de revanche envers les Alli\u00e9s, semant les graines de la Seconde Guerre mondiale.<\/p>\n<p>            \u00c7a peut aussi vous int\u00e9resser :<\/p>\n","protected":false},"excerpt":{"rendered":"Apr\u00e8s la fin de la Premi\u00e8re Guerre mondiale, la signature du trait\u00e9 de Versailles a lieu le 28\u00a0juin&hellip;\n","protected":false},"author":2,"featured_media":622085,"comment_status":"","ping_status":"","sticky":false,"template":"","format":"standard","meta":{"footnotes":""},"categories":[1587],"tags":[11,672,1804,1805,1803,1777,674,1801,1146,12,73164,1802,935],"class_list":{"0":"post-622084","1":"post","2":"type-post","3":"status-publish","4":"format-standard","5":"has-post-thumbnail","7":"category-allemagne","8":"tag-actualites","9":"tag-allemagne","10":"tag-bundesrepublik-deutschland","11":"tag-de","12":"tag-deutschland","13":"tag-eu","14":"tag-europe","15":"tag-germany","16":"tag-guerre","17":"tag-news","18":"tag-premiu00e8re-guerre-mondiale","19":"tag-republique-federale-dallemagne","20":"tag-seconde-guerre-mondiale"},"share_on_mastodon":{"url":"https:\/\/pubeurope.com\/@fr\/115781920699864397","error":""},"_links":{"self":[{"href":"https:\/\/www.europesays.com\/fr\/wp-json\/wp\/v2\/posts\/622084","targetHints":{"allow":["GET"]}}],"collection":[{"href":"https:\/\/www.europesays.com\/fr\/wp-json\/wp\/v2\/posts"}],"about":[{"href":"https:\/\/www.europesays.com\/fr\/wp-json\/wp\/v2\/types\/post"}],"author":[{"embeddable":true,"href":"https:\/\/www.europesays.com\/fr\/wp-json\/wp\/v2\/users\/2"}],"replies":[{"embeddable":true,"href":"https:\/\/www.europesays.com\/fr\/wp-json\/wp\/v2\/comments?post=622084"}],"version-history":[{"count":0,"href":"https:\/\/www.europesays.com\/fr\/wp-json\/wp\/v2\/posts\/622084\/revisions"}],"wp:featuredmedia":[{"embeddable":true,"href":"https:\/\/www.europesays.com\/fr\/wp-json\/wp\/v2\/media\/622085"}],"wp:attachment":[{"href":"https:\/\/www.europesays.com\/fr\/wp-json\/wp\/v2\/media?parent=622084"}],"wp:term":[{"taxonomy":"category","embeddable":true,"href":"https:\/\/www.europesays.com\/fr\/wp-json\/wp\/v2\/categories?post=622084"},{"taxonomy":"post_tag","embeddable":true,"href":"https:\/\/www.europesays.com\/fr\/wp-json\/wp\/v2\/tags?post=622084"}],"curies":[{"name":"wp","href":"https:\/\/api.w.org\/{rel}","templated":true}]}}