{"id":622088,"date":"2025-12-25T19:45:26","date_gmt":"2025-12-25T19:45:26","guid":{"rendered":"https:\/\/www.europesays.com\/fr\/622088\/"},"modified":"2025-12-25T19:45:26","modified_gmt":"2025-12-25T19:45:26","slug":"il-y-a-eu-un-peu-dagitation-mais-beaucoup-sont-restes-sur-place-panne-delectricite-generalisee-pour-le-reveillon-de-noel-dans-un-centre-de-vacances-en-montagne","status":"publish","type":"post","link":"https:\/\/www.europesays.com\/fr\/622088\/","title":{"rendered":"\u00ab\u00a0Il y a eu un peu d\u2019agitation mais beaucoup sont rest\u00e9s sur place\u00a0\u00bb\u00a0: panne d\u2019\u00e9lectricit\u00e9 g\u00e9n\u00e9ralis\u00e9e pour le r\u00e9veillon de No\u00ebl dans un centre de vacances en montagne"},"content":{"rendered":"<p>\n                                                                Un incident survenu ce mercredi 24\u00a0d\u00e9cembre 2025 au soir, a priv\u00e9 le centre Pierre et vacances d\u2019\u00e9lectricit\u00e9. Des mesures ont aussit\u00f4t \u00e9t\u00e9 prises pour accueillir les r\u00e9sidents qui le souhaitaient.\n                            <\/p>\n<p>Selon les premiers \u00e9l\u00e9ments, un petit d\u00e9part de feu sur un tableau \u00e9lectrique, bien que rapidement ma\u00eetris\u00e9, a entra\u00een\u00e9 une coupure g\u00e9n\u00e9ralis\u00e9e d\u2019\u00e9lectricit\u00e9 \u00e0 la r\u00e9sidence du P\u00e9drou, centre Pierre-et-vacances implant\u00e9 sur la commune de Font-Romeu ce mercredi 24\u00a0d\u00e9cembre vers 21\u00a0heures. Plongeant les pensionnaires dans le noir.<\/p>\n<p>Les services d\u2019Enedis, les gendarmes et les pompiers sont intervenus sur place ainsi que les services techniques de la commune et le maire en personne Alain Luneau.\u00a0\u00ab\u00a0Nous sommes rest\u00e9s sur place jusqu\u2019\u00e0 1\u00a0heure du matin pour tenter de r\u00e9gler la situation\u00a0\u00bb, explique ce dernier. \u00ab\u00a0Il y a eu un peu d\u2019agitation mais beaucoup de vacanciers sont rest\u00e9s dans la r\u00e9sidence et quelques-uns ont quitt\u00e9 les lieux.\u00a0\u00bb<\/p>\n<p>Une famille a \u00e9t\u00e9 relog\u00e9e dans un autre village. Un bus a \u00e9t\u00e9 mis en place pour transporter les vacanciers qui le souhaitaient vers un gymnase d\u2019accueil avec\u00a0des lits de camp. Plusieurs personnes s\u2019y sont inscrites mais se sont finalement d\u00e9sist\u00e9es.<\/p>\n","protected":false},"excerpt":{"rendered":"Un incident survenu ce mercredi 24\u00a0d\u00e9cembre 2025 au soir, a priv\u00e9 le centre Pierre et vacances d\u2019\u00e9lectricit\u00e9. Des&hellip;\n","protected":false},"author":2,"featured_media":622089,"comment_status":"","ping_status":"","sticky":false,"template":"","format":"standard","meta":{"footnotes":""},"categories":[1586],"tags":[11,1777,674,1779,118,1011,27,12,3464,11548,25,1778,364],"class_list":{"0":"post-622088","1":"post","2":"type-post","3":"status-publish","4":"format-standard","5":"has-post-thumbnail","7":"category-europe","8":"tag-actualites","9":"tag-eu","10":"tag-europe","11":"tag-european-union","12":"tag-faits-divers","13":"tag-fr","14":"tag-france","15":"tag-news","16":"tag-perpignan","17":"tag-pyrenees-orientales","18":"tag-republique-francaise","19":"tag-ue","20":"tag-union-europeenne"},"share_on_mastodon":{"url":"https:\/\/pubeurope.com\/@fr\/115781928406634128","error":""},"_links":{"self":[{"href":"https:\/\/www.europesays.com\/fr\/wp-json\/wp\/v2\/posts\/622088","targetHints":{"allow":["GET"]}}],"collection":[{"href":"https:\/\/www.europesays.com\/fr\/wp-json\/wp\/v2\/posts"}],"about":[{"href":"https:\/\/www.europesays.com\/fr\/wp-json\/wp\/v2\/types\/post"}],"author":[{"embeddable":true,"href":"https:\/\/www.europesays.com\/fr\/wp-json\/wp\/v2\/users\/2"}],"replies":[{"embeddable":true,"href":"https:\/\/www.europesays.com\/fr\/wp-json\/wp\/v2\/comments?post=622088"}],"version-history":[{"count":0,"href":"https:\/\/www.europesays.com\/fr\/wp-json\/wp\/v2\/posts\/622088\/revisions"}],"wp:featuredmedia":[{"embeddable":true,"href":"https:\/\/www.europesays.com\/fr\/wp-json\/wp\/v2\/media\/622089"}],"wp:attachment":[{"href":"https:\/\/www.europesays.com\/fr\/wp-json\/wp\/v2\/media?parent=622088"}],"wp:term":[{"taxonomy":"category","embeddable":true,"href":"https:\/\/www.europesays.com\/fr\/wp-json\/wp\/v2\/categories?post=622088"},{"taxonomy":"post_tag","embeddable":true,"href":"https:\/\/www.europesays.com\/fr\/wp-json\/wp\/v2\/tags?post=622088"}],"curies":[{"name":"wp","href":"https:\/\/api.w.org\/{rel}","templated":true}]}}