{"id":622094,"date":"2025-12-25T19:49:13","date_gmt":"2025-12-25T19:49:13","guid":{"rendered":"https:\/\/www.europesays.com\/fr\/622094\/"},"modified":"2025-12-25T19:49:13","modified_gmt":"2025-12-25T19:49:13","slug":"des-conducteurs-de-bus-musulmans-affirment-etre-victimes-dactes-islamophobes-repetes","status":"publish","type":"post","link":"https:\/\/www.europesays.com\/fr\/622094\/","title":{"rendered":"des conducteurs de bus musulmans affirment \u00eatre victimes d\u2019actes islamophobes r\u00e9p\u00e9t\u00e9s"},"content":{"rendered":"<p>AA \/ Istanbul \/ Ben Amed Azize Zougmore<\/p>\n<p>Des salari\u00e9s musulmans de la soci\u00e9t\u00e9 de transports publics grenobloise M Tag subissent depuis plusieurs ann\u00e9es des actes islamophobes r\u00e9p\u00e9t\u00e9s, parfois violents, de la part de certains coll\u00e8gues, selon des t\u00e9moignages recueillis par le journal d&rsquo;information num\u00e9rique ind\u00e9pendant, Mediapart et le syndicat CGT.<\/p>\n<p>Depuis 2022, ces incidents incluent l\u2019envoi de colis \u00e0 caract\u00e8re raciste et religieux, comme un bulletin \u00e9lectoral ciblant Marine Le Pen, une oreille de porc ou un morceau de saucisson accompagn\u00e9 de menaces et de symboles nazis.<\/p>\n<p>Les victimes, conducteurs et contr\u00f4leurs, d\u00e9noncent un climat de haine qui perdure malgr\u00e9 des plaintes d\u00e9pos\u00e9es au commissariat ou \u00e0 la gendarmerie et malgr\u00e9 les communiqu\u00e9s de la direction condamnant les faits. Les enqu\u00eates internes n\u2019ont, selon les salari\u00e9s, donn\u00e9 aucun r\u00e9sultat concret et les sanctions prises ont \u00e9t\u00e9 jug\u00e9es insuffisantes, se limitant \u00e0 des rappels au r\u00e8glement. Le syndicat CGT d\u00e9nonce un \u00ab climat hostile \u00bb et r\u00e9clame des mesures plus fermes, notamment des sanctions proportionn\u00e9es et un suivi syst\u00e9matique des signalements de discrimination.<\/p>\n<p>Parmi les victimes, certaines portent les s\u00e9quelles psychologiques de ces actes r\u00e9p\u00e9t\u00e9s. \u00ab Ce sont nos coll\u00e8gues, ceux avec qui on partage un caf\u00e9 le matin, avec qui on rigole\u2026 et au fond, ils nous ha\u00efssent depuis tout ce temps \u00bb, t\u00e9moigne Safia*, conductrice depuis plus de dix ans. Aziz*, autre salari\u00e9 cibl\u00e9, a \u00e9t\u00e9 plac\u00e9 en arr\u00eat maladie longue dur\u00e9e apr\u00e8s avoir re\u00e7u un colis raciste et mena\u00e7ant.<\/p>\n<p>Le probl\u00e8me va au-del\u00e0 de M Tag. Selon l\u2019enqu\u00eate \u00ab Acc\u00e8s aux droits \u00bb du D\u00e9fenseur des droits publi\u00e9e en 2024, 28 % des musulman\u00b7es interrog\u00e9\u00b7es ont d\u00e9clar\u00e9 avoir \u00e9t\u00e9 discrimin\u00e9\u00b7es au travail au cours des cinq derni\u00e8res ann\u00e9es, contre 15 % des chr\u00e9tien\u00b7nes. Les femmes musulmanes sont particuli\u00e8rement concern\u00e9es, avec 34 % d\u2019entre elles ayant subi des discriminations.<\/p>\n<p>La direction de M Tag, interrog\u00e9e \u00e0 plusieurs reprises par Mediapart, n\u2019a pas souhait\u00e9 r\u00e9agir aux accusations concernant la gestion de ces incidents. Le syndicat CGT a r\u00e9cemment d\u00e9pos\u00e9 une nouvelle plainte pour \u00ab d\u00e9gradation volontaire d\u2019un bien avec circonstance aggravante li\u00e9e \u00e0 la religion \u00bb apr\u00e8s que des tapis de pri\u00e8re ont \u00e9t\u00e9 jet\u00e9s dans des poubelles et souill\u00e9s dans un d\u00e9p\u00f4t de l\u2019entreprise.<\/p>\n<p>Ces r\u00e9v\u00e9lations interviennent dans un climat marqu\u00e9 par une forte recrudescence d\u2019actes hostiles \u00e0 l\u2019encontre des personnes de confession musulmane.<\/p>\n<p>Selon le minist\u00e8re fran\u00e7ais de l\u2019Int\u00e9rieur, 145 actes antimusulmans ont \u00e9t\u00e9 recens\u00e9s sur les cinq premiers mois de l\u2019ann\u00e9e 2025, contre 83 \u00e0 la m\u00eame p\u00e9riode en 2024, soit une progression de 75 %. Le Collectif contre l\u2019islamophobie en Europe (CCIE), qui recense un spectre plus large de faits islamophobes (discriminations, discours, violences), a comptabilis\u00e9 1 037 cas en 2024, contre 828 en 2023, soit une augmentation de plus de 25 %.<\/p>\n<p>Le rapport 2024 de la D\u00e9fenseure des droits, r\u00e9cemment publi\u00e9, vient renforcer ce constat. Il r\u00e9v\u00e8le qu\u2019un tiers des personnes se d\u00e9clarant musulmanes ou per\u00e7ues comme telles affirment avoir \u00e9t\u00e9 victimes de discriminations, notamment dans l\u2019emploi, les services publics ou l\u2019acc\u00e8s au logement.<\/p>\n<p>Cette proportion, en augmentation continue depuis 2016, s\u2019accompagne d\u2019un faible recours aux m\u00e9canismes de plainte : moins d\u2019une victime sur quatre engage des d\u00e9marches pour faire valoir ses droits.<\/p>\n<p>L\u2019institution d\u00e9nonce \u00e9galement une mauvaise compr\u00e9hension du principe de la\u00efcit\u00e9, souvent invoqu\u00e9 \u00e0 tort pour justifier des atteintes aux libert\u00e9s religieuses.<\/p>\n<p>                            &#13;<br \/>\n                                <a href=\"https:\/\/www.aa.com.tr\/fr\/p\/abonnement\/1001\" target=\"_blank\" style=\"font-size:12px; color:#444; text-decoration:none;\" rel=\"noopener\">&#13;<br \/>\n                                    Seulement une partie des d\u00e9p\u00eaches, que l&rsquo;Agence Anadolu diffuse \u00e0 ses abonn\u00e9s via le Syst\u00e8me de Diffusion interne (HAS), est diffus\u00e9e sur le site de l&rsquo;AA, de mani\u00e8re r\u00e9sum\u00e9e. <b style=\"color:#1897F7\">Contactez-nous s&rsquo;il vous pla\u00eet pour vous abonner.<\/b>&#13;<br \/>\n                                <\/a>&#13;<\/p>\n","protected":false},"excerpt":{"rendered":"AA \/ Istanbul \/ Ben Amed Azize Zougmore Des salari\u00e9s musulmans de la soci\u00e9t\u00e9 de transports publics grenobloise&hellip;\n","protected":false},"author":2,"featured_media":622095,"comment_status":"","ping_status":"","sticky":false,"template":"","format":"standard","meta":{"footnotes":""},"categories":[4],"tags":[11,1785,1011,27,2731,6269,12,25],"class_list":{"0":"post-622094","1":"post","2":"type-post","3":"status-publish","4":"format-standard","5":"has-post-thumbnail","7":"category-france","8":"tag-actualites","9":"tag-anadolu-ajansi","10":"tag-fr","11":"tag-france","12":"tag-grenoble","13":"tag-islamophobie","14":"tag-news","15":"tag-republique-francaise"},"share_on_mastodon":{"url":"https:\/\/pubeurope.com\/@fr\/115781944061725878","error":""},"_links":{"self":[{"href":"https:\/\/www.europesays.com\/fr\/wp-json\/wp\/v2\/posts\/622094","targetHints":{"allow":["GET"]}}],"collection":[{"href":"https:\/\/www.europesays.com\/fr\/wp-json\/wp\/v2\/posts"}],"about":[{"href":"https:\/\/www.europesays.com\/fr\/wp-json\/wp\/v2\/types\/post"}],"author":[{"embeddable":true,"href":"https:\/\/www.europesays.com\/fr\/wp-json\/wp\/v2\/users\/2"}],"replies":[{"embeddable":true,"href":"https:\/\/www.europesays.com\/fr\/wp-json\/wp\/v2\/comments?post=622094"}],"version-history":[{"count":0,"href":"https:\/\/www.europesays.com\/fr\/wp-json\/wp\/v2\/posts\/622094\/revisions"}],"wp:featuredmedia":[{"embeddable":true,"href":"https:\/\/www.europesays.com\/fr\/wp-json\/wp\/v2\/media\/622095"}],"wp:attachment":[{"href":"https:\/\/www.europesays.com\/fr\/wp-json\/wp\/v2\/media?parent=622094"}],"wp:term":[{"taxonomy":"category","embeddable":true,"href":"https:\/\/www.europesays.com\/fr\/wp-json\/wp\/v2\/categories?post=622094"},{"taxonomy":"post_tag","embeddable":true,"href":"https:\/\/www.europesays.com\/fr\/wp-json\/wp\/v2\/tags?post=622094"}],"curies":[{"name":"wp","href":"https:\/\/api.w.org\/{rel}","templated":true}]}}