{"id":62210,"date":"2025-04-29T16:25:08","date_gmt":"2025-04-29T16:25:08","guid":{"rendered":"https:\/\/www.europesays.com\/fr\/62210\/"},"modified":"2025-04-29T16:25:08","modified_gmt":"2025-04-29T16:25:08","slug":"le-pied-a-terre-parisien-tant-reve-dune-architecte-dinterieur","status":"publish","type":"post","link":"https:\/\/www.europesays.com\/fr\/62210\/","title":{"rendered":"Le pied-\u00e0-terre parisien tant r\u00eav\u00e9 d\u2019une architecte d\u2019int\u00e9rieur"},"content":{"rendered":"<p>Qui n\u2019a jamais r\u00eav\u00e9 de s\u2019installer dans un pied-\u00e0-terre sur la <a href=\"https:\/\/www.admagazine.fr\/article\/beaux-appartements-decorateurs-rive-gauche\" target=\"_blank\" rel=\"noopener\">rive gauche<\/a> ? Si ce fantasme romantique est presque universel, rares sont ceux qui parviennent \u00e0 le concr\u00e9tiser. Ce n\u2019est pas le cas de l\u2019architecte d\u2019int\u00e9rieur am\u00e9ricaine Fawn Galli qui, apr\u00e8s avoir s\u00e9journ\u00e9 dans la capitale fran\u00e7aise comme jeune fille au pair, vient tout juste de mettre la touche finale \u00e0 l\u2019appartement parisien de ses r\u00eaves.<\/p>\n<p>\u00ab Paris a toujours \u00e9t\u00e9 tr\u00e8s sp\u00e9cial pour moi \u00bb, confie la <a href=\"https:\/\/www.admagazine.fr\/galerie\/maison-williamsburg-hotels-new-yorkais-fermes-francaises\" target=\"_blank\" rel=\"noopener\">New-Yorkaise<\/a>. \u00ab Quand j\u2019y vivais dans ma vingtaine, je me disais sans cesse qu\u2019un jour, je r\u00e9ussirais et que je reviendrais y acheter une maison. Mais une fois rentr\u00e9e aux \u00c9tats-Unis, j\u2019ai laiss\u00e9 cette id\u00e9e de c\u00f4t\u00e9 et j\u2019ai tourn\u00e9 la page. \u00bb Pour Fawn Galli, tourner la page signifiait se lancer pleinement dans sa carri\u00e8re d\u2019architecte d\u2019int\u00e9rieur, aujourd\u2019hui florissante. Elle a d\u2019abord fait ses armes chez des g\u00e9ants de l\u2019industrie comme Robert A.M. Stern et Peter Marino, avant de fonder sa propre entreprise \u00e9ponyme. Elle y a b\u00e2ti une client\u00e8le fid\u00e8le, s\u00e9duite par son style <a href=\"https:\/\/www.admagazine.fr\/advisitesprivees\/galerie\/appartement-eclectique-saint-sebastien\" target=\"_blank\" rel=\"noopener\">\u00e9clectique<\/a> et son audace dans l\u2019usage de la couleur.<\/p>\n<p>\u00ab\u00a0Apr\u00e8s des d\u00e9cennies de travail acharn\u00e9, le r\u00eave parisien est revenu me hanter. Mon fils partait \u00e0 l\u2019universit\u00e9, le dollar \u00e9tait fort, alors je me suis dit : \u201c\u00c7a y est, je vais le faire. Je vais enfin aller \u00e0 Paris et acheter un appartement\u201d \u00bb, se souvient Fawn Galli. Au d\u00e9part, elle envisageait un simple pied-\u00e0-terre : une chambre, peut-\u00eatre deux, id\u00e9alement dans un arrondissement central comme le 5e. Mais au cours d\u2019un <a href=\"https:\/\/www.admagazine.fr\/lifestyle\/le-carnet-adresses-de\/diaporama\/10-idees-de-balades-autour-de-paris\/42625\" target=\"_blank\" rel=\"noopener\">week-end<\/a> \u00e9clair, durant lequel elle a visit\u00e9 quatre biens en une seule journ\u00e9e, elle a trouv\u00e9 celui de ses r\u00eaves : un appartement haussmannien de trois pi\u00e8ces pr\u00e8s de Saint-Germain-des-Pr\u00e9s.<\/p>\n<p>S\u00e9duite par les corniches sculpt\u00e9es, les parquets \u00e0 chevrons couleur miel et les boiseries magnifiques, elle a tenu \u00e0 conserver autant que possible l\u2019architecture d\u2019origine dans son projet. Avec l\u2019aide de l\u2019Atelier UNDO, une agence d\u2019architecture locale, elle a restaur\u00e9 et rafra\u00eechi les \u00e9l\u00e9ments existants, repens\u00e9 l\u2019agencement pour ajouter une chambre suppl\u00e9mentaire et ouvert les volumes autrefois \u00e9touffants pour laisser entrer la <a href=\"https:\/\/www.admagazine.fr\/article\/tadao-ando-projets-phares\" target=\"_blank\" rel=\"noopener\">lumi\u00e8re<\/a> dor\u00e9e de Paris.<\/p>\n<p>Fawn Galli a fait appel \u00e0 Pictalab, une entreprise milanaise, pour r\u00e9aliser le paysage onirique aux teintes ros\u00e9es qui orne les murs de l\u2019entr\u00e9e.<\/p>\n","protected":false},"excerpt":{"rendered":"Qui n\u2019a jamais r\u00eav\u00e9 de s\u2019installer dans un pied-\u00e0-terre sur la rive gauche ? Si ce fantasme romantique&hellip;\n","protected":false},"author":2,"featured_media":62211,"comment_status":"","ping_status":"","sticky":false,"template":"","format":"standard","meta":{"footnotes":""},"categories":[1358],"tags":[10099,1348,1384,1385,1386,58,59,1011,27],"class_list":{"0":"post-62210","1":"post","2":"type-post","3":"status-publish","4":"format-standard","5":"has-post-thumbnail","7":"category-arts-et-design","8":"tag-appartement-parisien","9":"tag-arts","10":"tag-arts-and-design","11":"tag-arts-et-design","12":"tag-design","13":"tag-divertissement","14":"tag-entertainment","15":"tag-fr","16":"tag-france"},"share_on_mastodon":{"url":"https:\/\/pubeurope.com\/@fr\/114422187517954951","error":""},"_links":{"self":[{"href":"https:\/\/www.europesays.com\/fr\/wp-json\/wp\/v2\/posts\/62210","targetHints":{"allow":["GET"]}}],"collection":[{"href":"https:\/\/www.europesays.com\/fr\/wp-json\/wp\/v2\/posts"}],"about":[{"href":"https:\/\/www.europesays.com\/fr\/wp-json\/wp\/v2\/types\/post"}],"author":[{"embeddable":true,"href":"https:\/\/www.europesays.com\/fr\/wp-json\/wp\/v2\/users\/2"}],"replies":[{"embeddable":true,"href":"https:\/\/www.europesays.com\/fr\/wp-json\/wp\/v2\/comments?post=62210"}],"version-history":[{"count":0,"href":"https:\/\/www.europesays.com\/fr\/wp-json\/wp\/v2\/posts\/62210\/revisions"}],"wp:featuredmedia":[{"embeddable":true,"href":"https:\/\/www.europesays.com\/fr\/wp-json\/wp\/v2\/media\/62211"}],"wp:attachment":[{"href":"https:\/\/www.europesays.com\/fr\/wp-json\/wp\/v2\/media?parent=62210"}],"wp:term":[{"taxonomy":"category","embeddable":true,"href":"https:\/\/www.europesays.com\/fr\/wp-json\/wp\/v2\/categories?post=62210"},{"taxonomy":"post_tag","embeddable":true,"href":"https:\/\/www.europesays.com\/fr\/wp-json\/wp\/v2\/tags?post=62210"}],"curies":[{"name":"wp","href":"https:\/\/api.w.org\/{rel}","templated":true}]}}