{"id":622102,"date":"2025-12-25T19:58:17","date_gmt":"2025-12-25T19:58:17","guid":{"rendered":"https:\/\/www.europesays.com\/fr\/622102\/"},"modified":"2025-12-25T19:58:17","modified_gmt":"2025-12-25T19:58:17","slug":"vitinha-met-joao-neves-sur-le-toit-du-monde","status":"publish","type":"post","link":"https:\/\/www.europesays.com\/fr\/622102\/","title":{"rendered":"Vitinha met Jo\u00e3o Neves sur le toit du monde"},"content":{"rendered":"<p><strong>Vitinha, milieu de 25 ans du Paris Saint-Germain et du Portugal, s\u2019est confi\u00e9 aupr\u00e8s du m\u00e9dia O Jogo\u00a0dans une interview publi\u00e9e ce jeudi 25 d\u00e9cembre. Il a notamment \u00e9t\u00e9 invit\u00e9 \u00e0 \u00e9voquer Jo\u00e3o Neves, milieu de 21 ans avec qui il a pris l\u2019habitude de briller au PSG comme en s\u00e9lection. Et il n\u2019a pas manqu\u00e9 de propos \u00e9logieux.<\/strong><\/p>\n<p>\u00ab\u00a0Il va tr\u00e8s bient\u00f4t devenir le meilleur de tous les temps.\u00a0\u00bb<\/p>\n<blockquote>\n<p>\u00ab\u00a0Je sais que l\u2019on fait souvent la comparaison [entre Xavi et Iniesta], et c\u2019est normal, car les styles similaires ne manquent pas dans le football. C\u2019est une \u00e9vidence, et je n\u2019ai que des \u00e9loges \u00e0 faire de Jo\u00e3o Neves.<\/p>\n<p>Je lui dis sans cesse \u00e0 quel point il est incroyable, tant comme joueur que comme personne. C\u2019est l\u2019un des meilleurs joueurs que j\u2019aie jamais vus et j\u2019en suis convaincu\u2026<\/p>\n<p>Il va tr\u00e8s bient\u00f4t devenir le meilleur de tous les temps. En fait, pour moi, s\u2019il n\u2019est pas le meilleur actuellement, il figure assur\u00e9ment parmi les meilleurs joueurs. Ce qu\u2019il est capable de faire est incroyable ; il excelle dans presque tous les domaines, m\u00eame dans des situations difficiles. Je l\u2019ai dit \u00e0 plusieurs reprises, et cela le g\u00eane un peu, mais je dirais que son seul point faible est qu\u2019il a tr\u00e8s peu de marge de progression, malgr\u00e9 son jeune \u00e2ge.<\/p>\n<p>Il exploite tellement de qualit\u00e9s que c\u2019est impressionnant. Jo\u00e3o doit simplement continuer \u00e0 \u00eatre lui-m\u00eame, un joueur cinq \u00e9toiles sur et en dehors du terrain.<\/p>\n<\/blockquote>\n<p>Vitinha \u00ab\u00a0je n\u2019ai atteint ce niveau que gr\u00e2ce \u00e0 son aide.\u00a0\u00bb<\/p>\n<blockquote>\n<p>S\u2019il conserve son comportement et sa personnalit\u00e9, et je n\u2019ai aucun doute l\u00e0-dessus, il sera le meilleur joueur portugais pendant de nombreuses ann\u00e9es.<\/p>\n<p>C\u2019est quelqu\u2019un que j\u2019admire \u00e9norm\u00e9ment ; je le complimente toujours beaucoup car il le m\u00e9rite, et je reconnais que je n\u2019ai atteint ce niveau que gr\u00e2ce \u00e0 son aide. Jouer \u00e0 ses c\u00f4t\u00e9s est fantastique ; c\u2019est un plaisir et un privil\u00e8ge.\u00a0\u00bb<\/p>\n<\/blockquote>\n<p>Ce sont des mots tr\u00e8s forts de la part de Vitinha, peut-\u00eatre que certains ne seront pas d\u2019accord. Mais le milieu du PSG a bien le droit \u00e0 son avis et il ne s\u2019exprime pas au hasard. Il est tous les jours et \u00e0 chaque match aux c\u00f4t\u00e9s de Neves. Lequel impressionne tr\u00e8s r\u00e9guli\u00e8rement.<\/p>\n<p>Encore tout jeune, le Portugais est toujours pr\u00eat pour les grands matchs. Le tout avec le sens du collectif marqu\u00e9 dans des efforts incessants et une grande intelligence tactique. Sans \u00eatre le plus en vue, il effectue un travail essentiel pour l\u2019\u00e9quipe. La diff\u00e9rence est souvent bien visible entre l\u2019\u00e9quipe avec ou sans lui.<\/p>\n<p>Vitinha avance m\u00eame quelque chose de grand, avec sa propre ascension au sommet qui est en partie d\u00fbe \u00e0 Neves. Difficile de faire mieux comme compliment. Et on ne peut que souhaiter que ce duo perdure de longues ann\u00e9es au PSG.<\/p>\n<p>\t\t\t\t\t\t\t\t\t\t\t\t\t\t\t\t\t\t\t\t\t\t\t<img decoding=\"async\" src=\"https:\/\/www.europesays.com\/fr\/wp-content\/uploads\/2025\/04\/ParisFans_Logo.png\"\/><\/p>\n","protected":false},"excerpt":{"rendered":"Vitinha, milieu de 25 ans du Paris Saint-Germain et du Portugal, s\u2019est confi\u00e9 aupr\u00e8s du m\u00e9dia O Jogo\u00a0dans&hellip;\n","protected":false},"author":2,"featured_media":622103,"comment_status":"","ping_status":"","sticky":false,"template":"","format":"standard","meta":{"footnotes":""},"categories":[1410],"tags":[63,1011,27,87,60,96,13296],"class_list":{"0":"post-622102","1":"post","2":"type-post","3":"status-publish","4":"format-standard","5":"has-post-thumbnail","7":"category-football","8":"tag-football","9":"tag-fr","10":"tag-france","11":"tag-joao-neves","12":"tag-sports","13":"tag-une","14":"tag-vitinha"},"share_on_mastodon":{"url":"https:\/\/pubeurope.com\/@fr\/115781980538058244","error":""},"_links":{"self":[{"href":"https:\/\/www.europesays.com\/fr\/wp-json\/wp\/v2\/posts\/622102","targetHints":{"allow":["GET"]}}],"collection":[{"href":"https:\/\/www.europesays.com\/fr\/wp-json\/wp\/v2\/posts"}],"about":[{"href":"https:\/\/www.europesays.com\/fr\/wp-json\/wp\/v2\/types\/post"}],"author":[{"embeddable":true,"href":"https:\/\/www.europesays.com\/fr\/wp-json\/wp\/v2\/users\/2"}],"replies":[{"embeddable":true,"href":"https:\/\/www.europesays.com\/fr\/wp-json\/wp\/v2\/comments?post=622102"}],"version-history":[{"count":0,"href":"https:\/\/www.europesays.com\/fr\/wp-json\/wp\/v2\/posts\/622102\/revisions"}],"wp:featuredmedia":[{"embeddable":true,"href":"https:\/\/www.europesays.com\/fr\/wp-json\/wp\/v2\/media\/622103"}],"wp:attachment":[{"href":"https:\/\/www.europesays.com\/fr\/wp-json\/wp\/v2\/media?parent=622102"}],"wp:term":[{"taxonomy":"category","embeddable":true,"href":"https:\/\/www.europesays.com\/fr\/wp-json\/wp\/v2\/categories?post=622102"},{"taxonomy":"post_tag","embeddable":true,"href":"https:\/\/www.europesays.com\/fr\/wp-json\/wp\/v2\/tags?post=622102"}],"curies":[{"name":"wp","href":"https:\/\/api.w.org\/{rel}","templated":true}]}}