{"id":622104,"date":"2025-12-25T19:59:25","date_gmt":"2025-12-25T19:59:25","guid":{"rendered":"https:\/\/www.europesays.com\/fr\/622104\/"},"modified":"2025-12-25T19:59:25","modified_gmt":"2025-12-25T19:59:25","slug":"la-famille-royale-britannique-photographiee-apres-le-service-de-noel-a-sandringham","status":"publish","type":"post","link":"https:\/\/www.europesays.com\/fr\/622104\/","title":{"rendered":"La famille royale britannique photographi\u00e9e apr\u00e8s le service de No\u00ebl \u00e0 Sandringham"},"content":{"rendered":"<p>Le roi Charles III a assist\u00e9 au service de No\u00ebl \u00e0 Sandringham, entour\u00e9 des membres de sa famille. Comme chaque ann\u00e9e, le prince et la princesse de Galles, leurs trois enfants, le duc et la duchesse d\u2019\u00c9dimbourg, les princesses Beatrice et Eugenie ou encore la princesse Anne ont \u00e9t\u00e9 photographi\u00e9s en chemin vers l\u2019\u00e9glise.<\/p>\n<p><strong>Lire aussi : <a href=\"https:\/\/histoiresroyales.fr\/princesse-charlotte-montre-talent-pianiste-princesse-de-galles-noel\/\" target=\"_blank\" rel=\"noopener\">La talentueuse princesse Charlotte rejoint la princesse de Galles au piano pour une surprise de No\u00ebl<\/a><\/strong><\/p>\n<p>Le roi Charles III guide sa famille au service de No\u00ebl \u00e0 Sandringham<\/p>\n<p>Le roi Charles III, 77 ans, a d\u00e9cid\u00e9 de suivre la tradition de sa d\u00e9funte m\u00e8re, la reine Elizabeth II, qui r\u00e9unissait autour d\u2019elle \u00e0 Sandringham les membres de sa famille pour No\u00ebl. Comme le faisait aussi la reine Elizabeth II, un premier d\u00e9jeuner de No\u00ebl \u00e9tait organis\u00e9 par Charles au palais de Buckingham il y a une dizaine de jours afin de r\u00e9unir l\u2019ensemble des membres de la famille, y compris des membres \u00e9loign\u00e9s. <\/p>\n<p><img fetchpriority=\"high\" decoding=\"async\" width=\"1300\" height=\"867\" src=\"https:\/\/www.europesays.com\/fr\/wp-content\/uploads\/2025\/12\/roi-charles-iii-noel-sandringham-2025-eglise.jpg\" alt=\"\" class=\"wp-image-233208 lazyload\" data-  \/>Le roi Charles III et la reine Camilla se rendent \u00e0 l\u2019\u00e9glise Sainte Madeleine de Sandringham, suivis par les membres de la famille royale (Photo : Tim Rooke\/SIPA)<\/p>\n<p><img loading=\"lazy\" decoding=\"async\" width=\"1300\" height=\"867\" src=\"https:\/\/www.europesays.com\/fr\/wp-content\/uploads\/2025\/12\/princesse-anne-sir-timothy-noel-sandringham-2025.jpg\" alt=\"\" class=\"wp-image-233211 lazyload\" data-  \/>La princesse Anne, Sir Timothy Laurence, la princesse Eugenie et Jack Brooksbank, ainsi que le duc d\u2019\u00c9dimbourg ou encore Zara et Mike Tindall avec leurs filles, Mia et Lena Tindall (Photo : Tim Rooke\/SIPA)<\/p>\n<p><strong>Lire aussi : <a href=\"https:\/\/histoiresroyales.fr\/roi-charles-iii-prononce-discours-de-noel\/\" target=\"_blank\" rel=\"noopener\">Le roi Charles III prononce son discours de No\u00ebl depuis l\u2019abbaye de Westminster<\/a><\/strong><\/p>\n<p>Les membres de la famille royale invit\u00e9s \u00e0 c\u00e9l\u00e9brer le r\u00e9veillon et le jour de No\u00ebl \u00e0 Sandringham avec le roi Charles III sont les membres les plus proches du monarque. Le 25 d\u00e9cembre, les Windsor ont pour habitude d\u2019assister tous ensemble au service de No\u00ebl \u00e0 l\u2019\u00e9glise Sainte Madeleine de Sandringham, dans le Norfolk. Ce rendez-vous annuel permet aussi aux journalistes de photographier le roi, la reine, le couple h\u00e9ritier et les autres membres de la famille en chemin vers l\u2019\u00e9glise ou \u00e0 la sortie de l\u2019\u00e9glise. Les curieux ont aussi l\u2019habitude de se r\u00e9unir le long du chemin pour saluer les membres de la famille royale.<\/p>\n<p><img loading=\"lazy\" decoding=\"async\" width=\"1300\" height=\"867\" src=\"https:\/\/www.europesays.com\/fr\/wp-content\/uploads\/2025\/12\/windsor-sandringham-2025-noel.jpg\" alt=\"\" class=\"wp-image-233210 lazyload\" data-  \/>Les Windsor sortent de l\u2019\u00e9glise Sainte Madeleine de Sandringham apr\u00e8s l\u2019office de No\u00ebl, ce 25 d\u00e9cembre 2025 (Photo : Tim Rooke\/SIPA)<\/p>\n<p><img loading=\"lazy\" decoding=\"async\" width=\"933\" height=\"1400\" src=\"https:\/\/www.europesays.com\/fr\/wp-content\/uploads\/2025\/12\/princesse-charlotte-cadeaux-noel-sandringham-2025-933x1400.jpg\" alt=\"\" class=\"wp-image-233216 lazyload\" data-  \/>La princesse Charlotte de Galles a re\u00e7u des cadeaux du public \u00e0 la sortie de l\u2019\u00e9glise (Photo : Tim Rooke\/SIPA)<\/p>\n<p><strong>Lire aussi : <a href=\"https:\/\/histoiresroyales.fr\/symbole-cache-photo-de-noel-william-kate-enfants-noel-jonquilles\/\" target=\"_blank\" rel=\"noopener\">Ce symbole cach\u00e9 dans la photo de No\u00ebl de William, Kate et leurs enfants dont personne ne parle<\/a><\/strong><\/p>\n<p>Le prince et la princesse de Galles avec leurs enfants au service de No\u00ebl 2025<\/p>\n<p>Le roi Charles III et la reine Camilla \u00e9taient accompagn\u00e9s du prince William, de la princesse Catherine et de leurs trois enfants, le prince George, la princesse Charlotte et le prince Louis. La princesse Beatrice et la princesse Eugenie ont assist\u00e9 \u00e0 la c\u00e9r\u00e9monie avec leur \u00e9poux mais sans leur p\u00e8re, Andrew Mountbatten-Windsor, r\u00e9cemment destitu\u00e9. <\/p>\n<p><img loading=\"lazy\" decoding=\"async\" width=\"933\" height=\"1400\" src=\"https:\/\/www.europesays.com\/fr\/wp-content\/uploads\/2025\/12\/princesse-beatrice-york-edoardo-noel-2025-933x1400.jpg\" alt=\"\" class=\"wp-image-233212 lazyload\" data-  \/>La princesse Beatrice et son \u00e9poux Edoardo Mapelli Mozzi \u00e0 la sortie de l\u2019\u00e9glise apr\u00e8s le service de No\u00ebl (Photo : Tim Rooke\/SIPA)<\/p>\n<p>Le duc et la duchesse d\u2019\u00c9dimbourg \u00e9taient accompagn\u00e9s de leurs deux enfants, Lady Louise et le comte de Wessex. La princesse Anne et son \u00e9poux, Sir Timothy Laurence, ont \u00e9t\u00e9 photographi\u00e9s \u00e0 la sortie de l\u2019\u00e9glise. Zara Tindall, la fille de la princesse Anne, \u00e9tait \u00e9galement pr\u00e9sente avec son \u00e9poux, Mike Tindall.<\/p>\n<p><img loading=\"lazy\" decoding=\"async\" width=\"1112\" height=\"1400\" src=\"https:\/\/www.europesays.com\/fr\/wp-content\/uploads\/2025\/12\/duchesse-edimbourg-enfants-windsor-sandringham-1112x1400.jpg\" alt=\"\" class=\"wp-image-233209 lazyload\" data-  \/>La duchesse d\u2019\u00c9dimbourg avec Lady Louise Mountbatten-Windsor et le comte de Wessex (Photo : Tim Rooke\/SIPA)<\/p>\n<p>La reine Elizabeth II avait pour habitude de prolonger ses vacances d\u2019hiver \u00e0 Sandringham jusqu\u2019au 6 f\u00e9vrier, jour du d\u00e9c\u00e8s de son p\u00e8re et donc jour d\u2019anniversaire de son d\u00e9but de r\u00e8gne. Ce 25 d\u00e9cembre, l\u2019<a href=\"https:\/\/histoiresroyales.fr\/roi-charles-iii-prononce-discours-de-noel\/\" target=\"_blank\" rel=\"noopener\">allocution annuelle du roi Charles III<\/a>, enregistr\u00e9e pr\u00e9c\u00e9demment \u00e0 l\u2019abbaye de Westminster, \u00e9tait diffus\u00e9e \u00e0 la t\u00e9l\u00e9vision. La veille, le jour du r\u00e9veillon, c\u2019est la princesse de Galles qui \u00e9tait mise \u00e0 l\u2019honneur lors de la <a href=\"https:\/\/histoiresroyales.fr\/princesse-charlotte-montre-talent-pianiste-princesse-de-galles-noel\/\" target=\"_blank\" rel=\"noopener\">diffusion \u00e0 la t\u00e9l\u00e9vision de son concert de No\u00ebl<\/a>.<\/p>\n<p>\t\t<strong>Tous les articles sur<\/strong><br \/>\n\t\t<a href=\"https:\/\/histoiresroyales.fr\/tag\/beatrice-dyork\/\" title=\"\" target=\"_blank\" rel=\"noopener\">Beatrice d&rsquo;York<\/a>, <a href=\"https:\/\/histoiresroyales.fr\/tag\/camilla-parker-bowles\/\" title=\"\" target=\"_blank\" rel=\"noopener\">Camilla Parker Bowles<\/a>, <a href=\"https:\/\/histoiresroyales.fr\/tag\/charlotte-de-cambridge\/\" title=\"\" target=\"_blank\" rel=\"noopener\">Charlotte de Galles<\/a>, <a href=\"https:\/\/histoiresroyales.fr\/tag\/eugenie-dyork\/\" title=\"\" target=\"_blank\" rel=\"noopener\">Eugenie d&rsquo;York<\/a>, <a href=\"https:\/\/histoiresroyales.fr\/tag\/george-de-cambridge\/\" title=\"\" target=\"_blank\" rel=\"noopener\">George de Cambridge<\/a>, <a href=\"https:\/\/histoiresroyales.fr\/tag\/james-mountbatten-windsor\/\" title=\"\" target=\"_blank\" rel=\"noopener\">James Mountbatten-Windsor<\/a>, <a href=\"https:\/\/histoiresroyales.fr\/tag\/kate-middleton\/\" title=\"\" target=\"_blank\" rel=\"noopener\">Kate Middleton<\/a>, <a href=\"https:\/\/histoiresroyales.fr\/tag\/louis-de-cambridge\/\" title=\"\" target=\"_blank\" rel=\"noopener\">Louis de Cambridge<\/a>, <a href=\"https:\/\/histoiresroyales.fr\/tag\/louise-mountbatten-windsor\/\" title=\"\" target=\"_blank\" rel=\"noopener\">Louise Mountbatten-Windsor<\/a>, <a href=\"https:\/\/histoiresroyales.fr\/tag\/messe\/\" title=\"\" target=\"_blank\" rel=\"noopener\">messe<\/a>, <a href=\"https:\/\/histoiresroyales.fr\/tag\/noel\/\" title=\"\" target=\"_blank\" rel=\"noopener\">No\u00ebl<\/a>, <a href=\"https:\/\/histoiresroyales.fr\/tag\/prince-william\/\" title=\"\" target=\"_blank\" rel=\"noopener\">Prince William<\/a>, <a href=\"https:\/\/histoiresroyales.fr\/tag\/princesse-anne\/\" title=\"\" target=\"_blank\" rel=\"noopener\">princesse Anne<\/a>, <a href=\"https:\/\/histoiresroyales.fr\/tag\/prince-charles\/\" title=\"\" target=\"_blank\" rel=\"noopener\">Roi Charles III<\/a>, <a href=\"https:\/\/histoiresroyales.fr\/tag\/sophie-de-wessex\/\" title=\"\" target=\"_blank\" rel=\"noopener\">Sophie d&rsquo;\u00c9dimbourg<\/a>\t<\/p>\n<p>\t\t\t\t<img loading=\"lazy\" alt=\"Avatar photo\" src=\"https:\/\/www.europesays.com\/fr\/wp-content\/uploads\/2025\/04\/1516945716303-164x164.jpeg\"  class=\"avatar avatar-164 photo lazyload\" height=\"164\" width=\"164\" decoding=\"async\"\/><br \/>\n\t\t<a href=\"https:\/\/histoiresroyales.fr\/author\/royaliste123\/\" target=\"_blank\" rel=\"noopener\">Nicolas Fontaine<\/a><br \/>\n\t\t\t\t\tR\u00e9dacteur en chef<\/p>\n<p>Nicolas Fontaine a \u00e9t\u00e9 concepteur-r\u00e9dacteur et auteur pour de nombreuses marques et m\u00e9dias belges et fran\u00e7ais. Sp\u00e9cialiste de l&rsquo;actualit\u00e9 des familles royales, Nicolas a fond\u00e9 le site Histoires royales dont il est le r\u00e9dacteur en chef.&#13;<br \/>\n&#13;<br \/>\nnicolas@histoiresroyales.fr<\/p>\n<p>\t\t\t\t\t\t\t<a href=\"https:\/\/twitter.com\/ActusRoyales\" class=\"boxed-icon fill twitter\" target=\"_blank\" rel=\"noopener\"><\/a><br \/>\n\t\t\t\t\t\t\t\t\t<a href=\"https:\/\/www.instagram.com\/histoiresroyales.fr\/\" class=\"boxed-icon fill instagram\" target=\"_blank\" rel=\"noopener\"><\/a><\/p>\n<p>\t\t\t\t\t\t\t\t\t\t\t\t\t<script async src=\"https:\/\/platform.twitter.com\/widgets.js\" charset=\"utf-8\"><\/script><script async src=\"\/\/www.instagram.com\/embed.js\"><\/script><\/p>\n","protected":false},"excerpt":{"rendered":"Le roi Charles III a assist\u00e9 au service de No\u00ebl \u00e0 Sandringham, entour\u00e9 des membres de sa famille.&hellip;\n","protected":false},"author":2,"featured_media":622105,"comment_status":"","ping_status":"","sticky":false,"template":"","format":"standard","meta":{"footnotes":""},"categories":[1359],"tags":[62390,4793,69506,58,59,43317,1011,27,10801,73167,5858,31175,73168,13600,64981,973,3936,31177,4795,69170],"class_list":{"0":"post-622104","1":"post","2":"type-post","3":"status-publish","4":"format-standard","5":"has-post-thumbnail","7":"category-people","8":"tag-beatrice-dyork","9":"tag-camilla-parker-bowles","10":"tag-charlotte-de-galles","11":"tag-divertissement","12":"tag-entertainment","13":"tag-eugenie-dyork","14":"tag-fr","15":"tag-france","16":"tag-george-de-cambridge","17":"tag-james-mountbatten-windsor","18":"tag-kate-middleton","19":"tag-louis-de-cambridge","20":"tag-louise-mountbatten-windsor","21":"tag-messe","22":"tag-nou00ebl","23":"tag-people","24":"tag-prince-william","25":"tag-princesse-anne","26":"tag-roi-charles-iii","27":"tag-sophie-du00c9dimbourg"},"share_on_mastodon":{"url":"https:\/\/pubeurope.com\/@fr\/115781985372513829","error":""},"_links":{"self":[{"href":"https:\/\/www.europesays.com\/fr\/wp-json\/wp\/v2\/posts\/622104","targetHints":{"allow":["GET"]}}],"collection":[{"href":"https:\/\/www.europesays.com\/fr\/wp-json\/wp\/v2\/posts"}],"about":[{"href":"https:\/\/www.europesays.com\/fr\/wp-json\/wp\/v2\/types\/post"}],"author":[{"embeddable":true,"href":"https:\/\/www.europesays.com\/fr\/wp-json\/wp\/v2\/users\/2"}],"replies":[{"embeddable":true,"href":"https:\/\/www.europesays.com\/fr\/wp-json\/wp\/v2\/comments?post=622104"}],"version-history":[{"count":0,"href":"https:\/\/www.europesays.com\/fr\/wp-json\/wp\/v2\/posts\/622104\/revisions"}],"wp:featuredmedia":[{"embeddable":true,"href":"https:\/\/www.europesays.com\/fr\/wp-json\/wp\/v2\/media\/622105"}],"wp:attachment":[{"href":"https:\/\/www.europesays.com\/fr\/wp-json\/wp\/v2\/media?parent=622104"}],"wp:term":[{"taxonomy":"category","embeddable":true,"href":"https:\/\/www.europesays.com\/fr\/wp-json\/wp\/v2\/categories?post=622104"},{"taxonomy":"post_tag","embeddable":true,"href":"https:\/\/www.europesays.com\/fr\/wp-json\/wp\/v2\/tags?post=622104"}],"curies":[{"name":"wp","href":"https:\/\/api.w.org\/{rel}","templated":true}]}}