{"id":622106,"date":"2025-12-25T20:01:05","date_gmt":"2025-12-25T20:01:05","guid":{"rendered":"https:\/\/www.europesays.com\/fr\/622106\/"},"modified":"2025-12-25T20:01:05","modified_gmt":"2025-12-25T20:01:05","slug":"le-peintre-paul-delvaux-chef-de-gare-honoraire-a-louvain-la-neuve-en-1984-un-episode-meconnu-de-lhistoire-de-la-ville-nouvelle","status":"publish","type":"post","link":"https:\/\/www.europesays.com\/fr\/622106\/","title":{"rendered":"Le peintre Paul Delvaux, chef de gare honoraire \u00e0 Louvain-la-Neuve en\u00a01984\u00a0: un \u00e9pisode m\u00e9connu de l\u2019histoire de la ville nouvelle"},"content":{"rendered":"<p>Ce jour-l\u00e0, Paul Delvaux est peut-\u00eatre le plus heureux des hommes. Arriv\u00e9 dans un train sp\u00e9cial \u00e0 Louvain-la-Neuve, il est nomm\u00e9 chef de gare honoraire de la gare de Louvain-la-Neuve. Il re\u00e7oit m\u00eame les attributs de la fonction\u00a0: un k\u00e9pi et un sifflet.<\/p>\n<p>\u00ab\u00a0Delvaux racontait r\u00e9guli\u00e8rement dans des interviews qu\u2019il aurait r\u00eav\u00e9 \u00eatre chef de gare, explique Camille Brasseur, pr\u00e9sidente de la Fondation Paul Delvaux. Et un jour, Monsieur Nothomb, qui \u00e9tait le conseiller du recteur \u00e0 l\u2019universit\u00e9 de Louvain-la-Neuve, entend Paul Delvaux dire \u00e7a dans une interview. Et il va se mettre en qu\u00eate de r\u00e9aliser ce r\u00eave d\u2019enfant. C\u2019est comme \u00e7a qu\u2019il va faire les d\u00e9marches et que la SNCB va d\u00e9cider de nommer Paul Delvaux chef de gare honoraire. Paul Delvaux a alors 87 ans. \u00c7a va d\u00e9finitivement marquer l\u2019appartenance de Delvaux au monde des cheminots.\u00a0\u00bb<\/p>\n","protected":false},"excerpt":{"rendered":"Ce jour-l\u00e0, Paul Delvaux est peut-\u00eatre le plus heureux des hommes. Arriv\u00e9 dans un train sp\u00e9cial \u00e0 Louvain-la-Neuve,&hellip;\n","protected":false},"author":2,"featured_media":622107,"comment_status":"","ping_status":"","sticky":false,"template":"","format":"standard","meta":{"footnotes":""},"categories":[1358],"tags":[1348,1384,1385,1386,58,59,1011,27],"class_list":{"0":"post-622106","1":"post","2":"type-post","3":"status-publish","4":"format-standard","5":"has-post-thumbnail","7":"category-arts-et-design","8":"tag-arts","9":"tag-arts-and-design","10":"tag-arts-et-design","11":"tag-design","12":"tag-divertissement","13":"tag-entertainment","14":"tag-fr","15":"tag-france"},"share_on_mastodon":{"url":"https:\/\/pubeurope.com\/@fr\/115781991333631140","error":""},"_links":{"self":[{"href":"https:\/\/www.europesays.com\/fr\/wp-json\/wp\/v2\/posts\/622106","targetHints":{"allow":["GET"]}}],"collection":[{"href":"https:\/\/www.europesays.com\/fr\/wp-json\/wp\/v2\/posts"}],"about":[{"href":"https:\/\/www.europesays.com\/fr\/wp-json\/wp\/v2\/types\/post"}],"author":[{"embeddable":true,"href":"https:\/\/www.europesays.com\/fr\/wp-json\/wp\/v2\/users\/2"}],"replies":[{"embeddable":true,"href":"https:\/\/www.europesays.com\/fr\/wp-json\/wp\/v2\/comments?post=622106"}],"version-history":[{"count":0,"href":"https:\/\/www.europesays.com\/fr\/wp-json\/wp\/v2\/posts\/622106\/revisions"}],"wp:featuredmedia":[{"embeddable":true,"href":"https:\/\/www.europesays.com\/fr\/wp-json\/wp\/v2\/media\/622107"}],"wp:attachment":[{"href":"https:\/\/www.europesays.com\/fr\/wp-json\/wp\/v2\/media?parent=622106"}],"wp:term":[{"taxonomy":"category","embeddable":true,"href":"https:\/\/www.europesays.com\/fr\/wp-json\/wp\/v2\/categories?post=622106"},{"taxonomy":"post_tag","embeddable":true,"href":"https:\/\/www.europesays.com\/fr\/wp-json\/wp\/v2\/tags?post=622106"}],"curies":[{"name":"wp","href":"https:\/\/api.w.org\/{rel}","templated":true}]}}