{"id":622108,"date":"2025-12-25T20:03:14","date_gmt":"2025-12-25T20:03:14","guid":{"rendered":"https:\/\/www.europesays.com\/fr\/622108\/"},"modified":"2025-12-25T20:03:14","modified_gmt":"2025-12-25T20:03:14","slug":"le-26-decembre-loup-et-josephine-c","status":"publish","type":"post","link":"https:\/\/www.europesays.com\/fr\/622108\/","title":{"rendered":"le 26 d\u00e9cembre, Loup et Jos\u00e9phine c &#8230;"},"content":{"rendered":"<p>EN BREF<\/p>\n<ul class=\"bloc_resume_post_list\">\n<li>Le 26 d\u00e9cembre 2025, L\u00e9onard invite Bianca \u00e0 passer No\u00ebl<br \/>\n\u00e0 l\u00a0\u00bbh\u00f4tel Jourdain.<\/li>\n<li>Coline met fin \u00e0 son histoire avec Amaury et choisit de<br \/>\nse mettre en couple avec C\u00e9sar.<\/li>\n<li>Loup et Jos\u00e9phine c\u00e8dent \u00e0 la tentation.<\/li>\n<\/ul>\n<p>Dans l\u2019\u00e9pisode d\u2019<strong>Ici tout commence<\/strong> du<br \/>\nvendredi 26 d\u00e9cembre 2025 sur TF1, L\u00e9onard (Thomas Vilan) fait une<br \/>\nconfidence \u00e0 Isma\u00ebl (Morgan Jallu)\u00a0: il a de la peine pour<br \/>\nBianca (Alexandra Ferreira), qui n\u2019a personne avec qui passer No\u00ebl.<br \/>\nLa pauvre vient de passer deux jours enferm\u00e9e dans sa chambre, et<br \/>\n<strong>il aimerait lui proposer de venir passer le 26 d\u00e9cembre \u00e0<br \/>\nl\u2019h\u00f4tel Jourdain.<\/strong> Isma\u00ebl lui rappelle que Bianca s\u2019est<br \/>\ntr\u00e8s mal comport\u00e9e la derni\u00e8re fois qu\u2019elle a vu sa famille, mais<br \/>\nL\u00e9onard insiste.<\/p>\n<p>Un peu \u00e0 reculons, Isma\u00ebl se r\u00e9sout \u00e0 aller inviter Bianca au<br \/>\nNo\u00ebl des Jourdain, mais la jeune femme l\u2019envoie bouler. Elle a le<br \/>\nsentiment que son ex essaye de soulager sa conscience, et cela ne<br \/>\nlui pla\u00eet pas du tout. Isma\u00ebl accepte sa d\u00e9cision mais d\u00e9clare que<br \/>\nsi elle change d\u2019avis, elle sera la bienvenue\u2026 Finalement, Bianca<br \/>\nd\u00e9cide d\u2019accepter l\u2019invitation de son ex-petit ami. L\u2019ambiance est<br \/>\nun petit peu tendue, mais <strong>elle finit par briser la glace<br \/>\navec L\u00e9onard<\/strong> autour de la b\u00fbche\u2026<\/p>\n<p>Clotilde et Joachim font une proposition \u00e0 Loup<\/p>\n<p>Pos\u00e9s devant un film de No\u00ebl, Loup (Robin Ventura) remercie<br \/>\n<a href=\"https:\/\/www.telestar.fr\/serie-tv\/ici-tout-commence-elsa-lunghini-clotilde-sur-le-depart-elle-ne-va-pas-s-eterniser-836118\" target=\"_blank\" rel=\"noopener\"><br \/>\nClotilde (Elsa Lunghini)<\/a> et Joachim (Janis Abrikh) d\u2019avoir fait<br \/>\nvenir Tha\u00efs pour No\u00ebl. Il n\u2019en revient toujours pas d\u2019avoir pu<br \/>\npasser les f\u00eates avec sa petite s\u0153ur\u00a0! Clotilde et Joachim<br \/>\nsont ravis que leur petit prot\u00e9g\u00e9 soit heureux et lui font une<br \/>\nproposition. Puisqu\u2019ils s\u2019entendent tous si bien avec Tha\u00efs,<br \/>\n<strong>pourquoi la jeune fille ne viendrait-elle pas vivre avec<br \/>\neux\u00a0?<\/strong> Loup est aux anges\u00a0!<\/p>\n<p>Surexcit\u00e9, le jeune homme se pr\u00e9cipite dans le parc pour<br \/>\nannoncer la bonne nouvelle \u00e0 Fleur (Malou Mullier) et Jos\u00e9phine<br \/>\n(Lucie Flory). Il remercie sinc\u00e8rement cette derni\u00e8re, sans qui<br \/>\nTha\u00efs n\u2019aurait jamais rencontr\u00e9 Clotilde et Joachim, et lui propose<br \/>\nde prendre un caf\u00e9 dans l\u2019apr\u00e8s-midi pour f\u00eater \u00e7a. <strong>La<br \/>\ntension est palpable entre les deux jeunes cuisiniers,<\/strong> ce<br \/>\nqui n\u2019\u00e9chappe pas \u00e0 Fleur. Elle conseille \u00e0 Jos\u00e9phine d\u2019arr\u00eater de<br \/>\njouer avec le feu avec Loup, \u00e0 moins qu\u2019elle n\u2019ait envie de se<br \/>\nlancer dans une histoire avec lui.<\/p>\n<p>Lendemain de mariage mouvement\u00e9<\/p>\n<p>Apr\u00e8s avoir pass\u00e9 toute la nuit \u00e0 danser, Carla (Aaricia<br \/>\nLemaire) est \u00e9puis\u00e9e et demande \u00e0 Jim (Loan Becmont) de pr\u00e9parer sa<br \/>\nvalise pour son voyage de noces avec B\u00e9r\u00e9nice (B\u00e9r\u00e9nice<br \/>\nTannenberg). Le jeune homme l\u2019envoie bouler, d\u00e9clarant avoir<br \/>\nencha\u00een\u00e9 deux nuits blanches. Il explique aux jeunes mari\u00e9es<br \/>\nqu\u2019<a href=\"https:\/\/www.telestar.fr\/serie_tv\/ici-tout-commence-en-avance-le-24-decembre-amaury-commet-limpensable-et-la-petite-soeur-de-loup-debarque-a-linstitut-1749294\" target=\"_blank\" rel=\"noopener\">Amaury<br \/>\n(Thibaud Dellile) a saccag\u00e9 toutes les pr\u00e9parations du menu de<br \/>\nmariage<\/a> la veille de l\u2019\u00e9v\u00e8nement, mais Coline (Talina Boyaci) a<br \/>\npris les choses en mains. <strong>Ils ont travaill\u00e9 toute la nuit<br \/>\npour sauver le mariage.<\/strong> Carla et B\u00e9r\u00e9nice tombent des<br \/>\nnues\u00a0!<\/p>\n<p>\u00c0 l\u2019Institut, <strong>Coline se r\u00e9veille dans le lit de C\u00e9sar<br \/>\n(Manec Verdier).<\/strong> Le jeune homme lui propose de prendre un<br \/>\npetit-d\u00e9jeuner au lit, mais Coline veut d\u2019abord r\u00e9gler les choses<br \/>\navec Amaury, qui n\u2019arr\u00eate pas de la harceler de messages.<br \/>\n<strong>Elle part comme une voleuse, ce qui laisse C\u00e9sar un peu<br \/>\nperplexe\u2026<\/strong> Il en parle \u00e0 Gaspard, qui a du mal \u00e0 croire que<br \/>\nColine ait pu agir ainsi. Cela ne lui ressemble pas !<\/p>\n<p>Coline choisit C\u00e9sar<\/p>\n<p>Ni une, ni deux, Gaspard se pr\u00e9cipite \u00e0 la ferme pour interroger<br \/>\nColine. Il d\u00e9couvre qu\u2019elle a demand\u00e9 \u00e0 Amaury de passer pour<br \/>\nmettre les choses au clair avec lui\u00a0: c\u2019est avec un gar\u00e7on<br \/>\ngentil comme C\u00e9sar qu\u2019elle veut \u00eatre. Une fois de plus,<br \/>\n<strong>Amaury essaye de la r\u00e9cup\u00e9rer, en vain. Coline a fait son<br \/>\nchoix et l\u2019envoie balader.<\/strong><\/p>\n<p>Apr\u00e8s avoir rompu avec Amaury, Coline passe voir C\u00e9sar au Double<br \/>\nA. Elle lui pr\u00e9sente ses excuses pour son comportement un peu plus<br \/>\nt\u00f4t, et lui annonce qu\u2019elle lui a enregistr\u00e9 une nouvelle recette,<br \/>\nqu\u2019elle lui fait \u00e9couter. Dans le casque, C\u00e9sar \u00e9coute la recette<br \/>\ndu \u00ab\u00a0petit ami parfait\u00a0\u00bb et <strong>comprend que Coline veut<br \/>\n\u00eatre avec lui.<\/strong> Le couple \u00e9change un baiser, mais Coline<br \/>\ndoit filer pour dire au revoir \u00e0 Carla et B\u00e9r\u00e9nice avant qu\u2019elles<br \/>\npartent en lune de miel ! Elle arrive chez les Teyssier juste \u00e0<br \/>\ntemps pour les regarder partir.<\/p>\n<p>Loup et Jos\u00e9phine c\u00e8dent \u00e0 la<br \/>\ntentation<\/p>\n<p>Avant le d\u00e9part de Tha\u00efs, Loup lui fait part de la proposition<br \/>\nde Clotilde et Joachim. La jeune fille est tr\u00e8s touch\u00e9e, mais elle<br \/>\naime \u00e9norm\u00e9ment sa nouvelle famille d\u2019accueil. Ils ont une petite<br \/>\nfille \u00e0 laquelle elle est beaucoup attach\u00e9e, et <strong>elle<br \/>\naimerait beaucoup rester pr\u00e8s d\u2019elle.<\/strong> Loup est un peu d\u00e9\u00e7u<br \/>\nmais comprend sa d\u00e9cision.<\/p>\n<p>Dans l\u2019apr\u00e8s-midi, Loup et Jos\u00e9phine se retrouvent autour d\u2019un<br \/>\ncaf\u00e9. Ils vont ensuite \u00e0 l\u2019internat, o\u00f9 Loup en profite pour offrir<br \/>\nun cadeau \u00e0 Jos\u00e9phine\u00a0: un calendrier qui s\u2019arr\u00eate au 15 mars,<br \/>\nle jour du premier anniversaire de sa sobri\u00e9t\u00e9. Autrement dit, il<br \/>\nsouhaiterait le remplir avec elle apr\u00e8s cette date parce qu\u2019il<br \/>\nressent beaucoup de choses pour elle. <strong>Touch\u00e9e, Jos\u00e9phine<br \/>\nl\u2019embrasse et d\u00e9clare qu\u2019elle n\u2019en peut plus d\u2019attendre pour \u00eatre<br \/>\navec lui.<\/strong> Le couple c\u00e8de \u00e0 la tentation&#8230;<\/p>\n","protected":false},"excerpt":{"rendered":"EN BREF Le 26 d\u00e9cembre 2025, L\u00e9onard invite Bianca \u00e0 passer No\u00ebl \u00e0 l\u00a0\u00bbh\u00f4tel Jourdain. Coline met fin&hellip;\n","protected":false},"author":2,"featured_media":622109,"comment_status":"","ping_status":"","sticky":false,"template":"","format":"standard","meta":{"footnotes":""},"categories":[1356],"tags":[548,58,59,1011,27,620,252,1364],"class_list":{"0":"post-622108","1":"post","2":"type-post","3":"status-publish","4":"format-standard","5":"has-post-thumbnail","7":"category-television","8":"tag-article-simple","9":"tag-divertissement","10":"tag-entertainment","11":"tag-fr","12":"tag-france","13":"tag-ici-tout-commence","14":"tag-television","15":"tag-tv"},"share_on_mastodon":{"url":"https:\/\/pubeurope.com\/@fr\/115781999539468953","error":""},"_links":{"self":[{"href":"https:\/\/www.europesays.com\/fr\/wp-json\/wp\/v2\/posts\/622108","targetHints":{"allow":["GET"]}}],"collection":[{"href":"https:\/\/www.europesays.com\/fr\/wp-json\/wp\/v2\/posts"}],"about":[{"href":"https:\/\/www.europesays.com\/fr\/wp-json\/wp\/v2\/types\/post"}],"author":[{"embeddable":true,"href":"https:\/\/www.europesays.com\/fr\/wp-json\/wp\/v2\/users\/2"}],"replies":[{"embeddable":true,"href":"https:\/\/www.europesays.com\/fr\/wp-json\/wp\/v2\/comments?post=622108"}],"version-history":[{"count":0,"href":"https:\/\/www.europesays.com\/fr\/wp-json\/wp\/v2\/posts\/622108\/revisions"}],"wp:featuredmedia":[{"embeddable":true,"href":"https:\/\/www.europesays.com\/fr\/wp-json\/wp\/v2\/media\/622109"}],"wp:attachment":[{"href":"https:\/\/www.europesays.com\/fr\/wp-json\/wp\/v2\/media?parent=622108"}],"wp:term":[{"taxonomy":"category","embeddable":true,"href":"https:\/\/www.europesays.com\/fr\/wp-json\/wp\/v2\/categories?post=622108"},{"taxonomy":"post_tag","embeddable":true,"href":"https:\/\/www.europesays.com\/fr\/wp-json\/wp\/v2\/tags?post=622108"}],"curies":[{"name":"wp","href":"https:\/\/api.w.org\/{rel}","templated":true}]}}