{"id":622123,"date":"2025-12-25T20:12:13","date_gmt":"2025-12-25T20:12:13","guid":{"rendered":"https:\/\/www.europesays.com\/fr\/622123\/"},"modified":"2025-12-25T20:12:13","modified_gmt":"2025-12-25T20:12:13","slug":"bolsonaro-opere-avec-succes-pour-une-hernie","status":"publish","type":"post","link":"https:\/\/www.europesays.com\/fr\/622123\/","title":{"rendered":"Bolsonaro op\u00e9r\u00e9 \u00abavec succ\u00e8s\u00bb pour une hernie"},"content":{"rendered":"<p>\n    L\u2019ex-pr\u00e9sident purge une peine de 27 ans de prison pour tentative de coup d\u2019\u00c9tat a annonc\u00e9 son \u00e9pouse.<\/p>\n<p class=\"fig-paragraph\">L\u2019ex-pr\u00e9sident br\u00e9silien\u00a0<a href=\"http:\/\/www.lefigaro.fr\/international\/un-exemple-pour-le-monde-entier-au-bresil-l-inedite-condamnation-de-l-ancien-president-jair-bolsonaro-20250912\" data-fig-type=\"Article\" data-gtm-custom-categorie=\"navigation\" data-gtm-custom-action=\"crossclick\" data-gtm-custom-label=\"Contextuel\" data-gtm-event=\"customEventSPE\" data-fig-domain=\"LEFIGARO\" target=\"_blank\" rel=\"noopener\">Jair Bolsonaro<\/a>, qui purge une\u00a0<a href=\"http:\/\/www.lefigaro.fr\/international\/bresil-l-ancien-president-jair-bolsonaro-a-ete-arrete-et-place-en-detention-20251122\" data-fig-type=\"NewsFlash\" data-gtm-custom-categorie=\"navigation\" data-gtm-custom-action=\"crossclick\" data-gtm-custom-label=\"Contextuel\" data-gtm-event=\"customEventSPE\" data-fig-domain=\"LEFIGARO\" target=\"_blank\" rel=\"noopener\">peine de 27 ans de prison pour tentative de coup d\u2019\u00c9tat<\/a>, a \u00e9t\u00e9\u00a0<a href=\"http:\/\/www.lefigaro.fr\/international\/bresil-jair-bolsonaro-a-l-hopital-pour-sa-premiere-sortie-de-prison-en-vue-d-une-operation-20251224\" data-fig-type=\"NewsFlash\" data-gtm-custom-categorie=\"navigation\" data-gtm-custom-action=\"crossclick\" data-gtm-custom-label=\"Contextuel\" data-gtm-event=\"customEventSPE\" data-fig-domain=\"LEFIGARO\" target=\"_blank\" rel=\"noopener\">op\u00e9r\u00e9 jeudi \u00abavec succ\u00e8s\u00bb<\/a> \u00a0pour une hernie inguinale dans une clinique de Brasilia, a annonc\u00e9 son \u00e9pouse, Michelle Bolsonaro. \u00abChirurgie r\u00e9ussie, sans complications. Maintenant, il faut attendre qu\u2019il se r\u00e9veille de l\u2019anesth\u00e9sie\u00bb, a-t-elle annonc\u00e9 sur Instagram.<\/p>\n<p class=\"fig-paragraph\">Il s\u2019agit de la premi\u00e8re sortie de prison de l\u2019ex-pr\u00e9sident br\u00e9silien \u00e2g\u00e9 de 70 ans, depuis qu\u2019il a \u00e9t\u00e9 incarc\u00e9r\u00e9 fin novembre. L\u2019intervention a dur\u00e9 pr\u00e8s de quatre heures et l\u2019ancien pr\u00e9sident (2019-2022) devra rester hospitalis\u00e9 entre cinq et sept jours, selon les informations fournies par ses m\u00e9decins la veille. L\u2019ancien pr\u00e9sident d\u2019extr\u00eame droite souffre des s\u00e9quelles d\u2019une blessure \u00e0 l\u2019abdomen caus\u00e9e par un coup de couteau lors d\u2019un meeting \u00e9lectoral en 2018, qui a d\u00e9j\u00e0 n\u00e9cessit\u00e9 plusieurs interventions chirurgicales.<\/p>\n<p>                                            <a class=\"fig-a11y-skip\" href=\"#fig-a11y-skip-main-inarticle\" data-module=\"a11y-skip\" data-context=\"was @visible\"><br \/>\n    Passer la publicit\u00e9<br \/>\n<\/a>            <\/p>\n<p>                                            Le fils Bolsonaro candidat \u00e0 la pr\u00e9sidentielle<\/p>\n<p class=\"fig-paragraph\">En septembre, la Cour supr\u00eame l\u2019a d\u00e9clar\u00e9 coupable d\u2019avoir conspir\u00e9 pour rester au pouvoir apr\u00e8s avoir perdu les \u00e9lections de 2022 face au candidat de gauche Luiz In\u00e1cio Lula da Silva. Le complot a \u00e9chou\u00e9 faute de soutien de la part des hauts responsables militaires. Apr\u00e8s son incarc\u00e9ration, le s\u00e9nateur\u00a0<a href=\"http:\/\/www.lefigaro.fr\/international\/bresil-flavio-bolsonaro-fils-aine-de-l-ancien-dirigeant-dechu-affirme-que-son-pere-l-a-designe-comme-son-successeur-politique-20251205\" data-fig-type=\"NewsFlash\" data-gtm-custom-categorie=\"navigation\" data-gtm-custom-action=\"crossclick\" data-gtm-custom-label=\"Contextuel\" data-gtm-event=\"customEventSPE\" data-fig-domain=\"LEFIGARO\" target=\"_blank\" rel=\"noopener\">Fl\u00e1vio Bolsonaro<\/a>, son fils a\u00een\u00e9, a annonc\u00e9 sa candidature \u00e0 l\u2019\u00e9lection pr\u00e9sidentielle d\u2019octobre 2026, affirmant que c\u2019\u00e9tait le choix de son p\u00e8re. Il pourrait affronter Lula, qui a d\u00e9j\u00e0 fait part de son intention de briguer un quatri\u00e8me mandat.<\/p>\n<p class=\"fig-paragraph\">Jeudi dernier, Fl\u00e1vio Bolsonaro s\u2019est rendu \u00e0 l\u2019h\u00f4pital avant l\u2019op\u00e9ration et a lu aux journalistes une lettre manuscrite sign\u00e9e par son p\u00e8re. \u00abFace \u00e0 cette injustice, et avec la volont\u00e9 de ne pas laisser la voix du peuple \u00eatre r\u00e9duite au silence, je prends la d\u00e9cision de d\u00e9signer Fl\u00e1vio Bolsonaro comme candidat \u00e0 la pr\u00e9sidence de la R\u00e9publique\u00bb, peut-on lire dans le texte. Il s\u2019agissait du premier message public de Jair Bolsonaro depuis plusieurs mois. Il n\u2019est pas autoris\u00e9 \u00e0 s\u2019exprimer sur les r\u00e9seaux sociaux ou dans les m\u00e9dias, sauf autorisation judiciaire pr\u00e9alable.<\/p>\n<p class=\"fig-paragraph\">Jeudi, son p\u00e8re a subi sa huiti\u00e8me op\u00e9ration chirurgicale depuis l\u2019attentat de 2018, a pr\u00e9cis\u00e9 Fl\u00e1vio Bolsonaro. Les m\u00e9decins vont maintenant \u00e9valuer si Jair Bolsonaro peut subir une intervention suppl\u00e9mentaire\u00a0: le blocage anesth\u00e9sique du nerf phr\u00e9nique, qui contr\u00f4le le diaphragme, en raison d\u2019un hoquet r\u00e9current. Une fois qu\u2019il aura re\u00e7u le feu vert des m\u00e9decins, il devra retourner dans la petite pi\u00e8ce \u00e9quip\u00e9e d\u2019un minibar, de la climatisation et d\u2019une t\u00e9l\u00e9vision o\u00f9 il purge sa peine, dans un b\u00e2timent de la police f\u00e9d\u00e9rale \u00e0 Brasilia.<\/p>\n","protected":false},"excerpt":{"rendered":"L\u2019ex-pr\u00e9sident purge une peine de 27 ans de prison pour tentative de coup d\u2019\u00c9tat a annonc\u00e9 son \u00e9pouse.&hellip;\n","protected":false},"author":2,"featured_media":622124,"comment_status":"","ping_status":"","sticky":false,"template":"","format":"standard","meta":{"footnotes":""},"categories":[5],"tags":[1111,47,11,1109,1112,118,1108,107,1106,1107,1011,27,1110,1114,14,12,1113,316,28],"class_list":{"0":"post-622123","1":"post","2":"type-post","3":"status-publish","4":"format-standard","5":"has-post-thumbnail","7":"category-international","8":"tag-actu","9":"tag-actualite","10":"tag-actualites","11":"tag-breves","12":"tag-depeches","13":"tag-faits-divers","14":"tag-fil","15":"tag-fil-info","16":"tag-flash","17":"tag-flash-actu","18":"tag-fr","19":"tag-france","20":"tag-informations","21":"tag-infos","22":"tag-international","23":"tag-news","24":"tag-nouvelles","25":"tag-politique","26":"tag-world"},"share_on_mastodon":{"url":"https:\/\/pubeurope.com\/@fr\/115782034742183774","error":""},"_links":{"self":[{"href":"https:\/\/www.europesays.com\/fr\/wp-json\/wp\/v2\/posts\/622123","targetHints":{"allow":["GET"]}}],"collection":[{"href":"https:\/\/www.europesays.com\/fr\/wp-json\/wp\/v2\/posts"}],"about":[{"href":"https:\/\/www.europesays.com\/fr\/wp-json\/wp\/v2\/types\/post"}],"author":[{"embeddable":true,"href":"https:\/\/www.europesays.com\/fr\/wp-json\/wp\/v2\/users\/2"}],"replies":[{"embeddable":true,"href":"https:\/\/www.europesays.com\/fr\/wp-json\/wp\/v2\/comments?post=622123"}],"version-history":[{"count":0,"href":"https:\/\/www.europesays.com\/fr\/wp-json\/wp\/v2\/posts\/622123\/revisions"}],"wp:featuredmedia":[{"embeddable":true,"href":"https:\/\/www.europesays.com\/fr\/wp-json\/wp\/v2\/media\/622124"}],"wp:attachment":[{"href":"https:\/\/www.europesays.com\/fr\/wp-json\/wp\/v2\/media?parent=622123"}],"wp:term":[{"taxonomy":"category","embeddable":true,"href":"https:\/\/www.europesays.com\/fr\/wp-json\/wp\/v2\/categories?post=622123"},{"taxonomy":"post_tag","embeddable":true,"href":"https:\/\/www.europesays.com\/fr\/wp-json\/wp\/v2\/tags?post=622123"}],"curies":[{"name":"wp","href":"https:\/\/api.w.org\/{rel}","templated":true}]}}