{"id":622132,"date":"2025-12-25T20:20:09","date_gmt":"2025-12-25T20:20:09","guid":{"rendered":"https:\/\/www.europesays.com\/fr\/622132\/"},"modified":"2025-12-25T20:20:09","modified_gmt":"2025-12-25T20:20:09","slug":"en-2023-le-match-entre-nancy-seichamps-et-besancon-se-terminait-sur-un-score-de-0-0","status":"publish","type":"post","link":"https:\/\/www.europesays.com\/fr\/622132\/","title":{"rendered":"en 2023, le match entre Nancy-Seichamps et Besan\u00e7on se terminait sur un score de\u2026 0-0"},"content":{"rendered":"<p>\u00ab\u00a0Tu ne joues jamais pour faire un match nul.\u00a0\u00bb Que Laurent Monestier se rassure, il n\u2019en verra pas beaucoup dans sa carri\u00e8re d\u2019entra\u00eeneur. En revanche, il s\u2019en souvient bien d\u2019un. Celui du dimanche 22\u00a0janvier 2023, au Stade Matter. Les joueuses de Nancy-Seichamps recevaient Besan\u00e7on pour le compte du championnat de F\u00e9d\u00e9rale 1 et n\u2019avaient pas r\u00e9ussi \u00e0 inscrire le moindre point ce jour-l\u00e0\u2026 Tout comme leurs adversaires. <a href=\"https:\/\/www.estrepublicain.fr\/sport\/2023\/01\/22\/0-0-au-rugby-nancy-seichamps-et-besancon-l-ont-fait\" target=\"_blank\" rel=\"noopener\">R\u00e9sultat un joli 0-0<\/a>. In\u00e9dit mais quasiment inoubliable pour le coup. \u00ab\u00a0On jouait un premier de poule, mais avant m\u00eame le coup d\u2019envoi, il est vrai qu\u2019il n\u2019y avait d\u00e9j\u00e0 pas beaucoup de signes positifs.\u00a0\u00bb<\/p>\n<p>  Elisa Schoindre\u00a0: \u00ab\u00a0En huit ans de pratique de rugby, je n\u2019ai jamais vu \u00e7a\u00a0\u00bb<\/p>\n<p>\u00ab\u00a0Le terrain \u00e9tait enneig\u00e9 \u00e0 moiti\u00e9, on ne voyait m\u00eame plus les lignes. C\u2019est nous qui nous \u00e9tions mis \u00e0 refaire les lignes avec ce que l\u2019on pouvait. Il faisait entre 3 et 4 degr\u00e9s\u2026\u00a0\u00bb Bref, un bon dimanche de rugby. Sauf que ce jour-l\u00e0, il n\u2019y avait en effet pas grand-chose \u00e0 se mettre sous la dent. \u00ab\u00a0Les conditions n\u2019\u00e9taient pas folles, admet <a href=\"https:\/\/www.estrepublicain.fr\/sport\/2024\/10\/01\/elisa-schoindre-du-terrain-au-banc-de-formation-pour-devenir-entraineure\" target=\"_blank\" rel=\"noopener\">Elisa Schoindre<\/a>. Mais on a eu deux \u00e9quipes qui ont d\u00e9fendu tr\u00e8s fort.\u00a0\u00bb<\/p>\n<p>Oui parce que ce 0-0 veut aussi dire \u00e7a. Deux \u00e9quipes qui ont finalement bataill\u00e9 corps et \u00e2me sans jamais pouvoir certes concr\u00e9tiser. Il y a quand m\u00eame eu une p\u00e9nalit\u00e9 de chaque c\u00f4t\u00e9 mais sans r\u00e9ussite. \u00ab\u00a0On dit souvent que le score ne refl\u00e8te pas la physionomie du match, explique Elisa Schoindre. Je crois que c\u2019en est l\u2019illustration parfaite. On peut vraiment dire que c\u2019est in\u00e9dit. En huit ans de pratique de rugby, je n\u2019ai jamais vu \u00e7a. M\u00eame dans les niveaux sup\u00e9rieurs.\u00a0\u00bb<\/p>\n<p>  \u00ab\u00a0\u00c7a a marqu\u00e9 les esprits\u00a0\u00bb<\/p>\n<p>Et si ce match reste en effet \u00ab\u00a0in\u00e9dit\u00a0\u00bb, il reste dans les m\u00e9moires. \u00ab\u00a0Entre nous, on n\u2019en parle plus, mais j\u2019entends encore beaucoup de supporters en parler encore. Je pense que \u00e7a a marqu\u00e9 les esprits pour le coup.\u00a0\u00bb<\/p>\n<p>Finalement dans ce 0-0, une \u00e9quipe, je me souviens, n\u2019est sortie pas franchement m\u00e9contente malgr\u00e9 tout. \u00ab\u00a0Si nous, de notre c\u00f4t\u00e9 on a eu le sentiment que le job n\u2019\u00e9tait pas fait, je me rappelle qu\u2019au coup de sifflet final, Besan\u00e7on avait cependant bien exult\u00e9, se rem\u00e9more Laurent Monestier. Pour eux, faire un tel score chez nous, c\u2019\u00e9tait d\u00e9j\u00e0 une victoire. C\u2019est un match qui restera dans les m\u00e9moires, c\u2019est certain.\u00a0\u00bb<\/p>\n<p>Depuis ce jour, il faut croire que Nancy-Seichamps a retenu un peu la le\u00e7on. Avec des essais \u00e0 tout-va, les joueuses du dor\u00e9navant duo Monestier-Petit ont m\u00eame largement pris leur revanche. Rien que cette ann\u00e9e, au Stade Matter, elles l\u2019ont emport\u00e9 24-5 sur ces m\u00eames Bisontines, 4 essais \u00e0 1.<\/p>\n","protected":false},"excerpt":{"rendered":"\u00ab\u00a0Tu ne joues jamais pour faire un match nul.\u00a0\u00bb Que Laurent Monestier se rassure, il n\u2019en verra pas&hellip;\n","protected":false},"author":2,"featured_media":622133,"comment_status":"","ping_status":"","sticky":false,"template":"","format":"standard","meta":{"footnotes":""},"categories":[9635],"tags":[1111,11,1704,1777,674,107,1701,1011,27,775,1702,1703,12,25,479,13654,517,1700],"class_list":{"0":"post-622132","1":"post","2":"type-post","3":"status-publish","4":"format-standard","5":"has-post-thumbnail","7":"category-nancy","8":"tag-actu","9":"tag-actualites","10":"tag-edition-nancy-et-agglomeration","11":"tag-eu","12":"tag-europe","13":"tag-fil-info","14":"tag-fil-info-sport","15":"tag-fr","16":"tag-france","17":"tag-grand-est","18":"tag-nancy","19":"tag-nancy-ville-54b","20":"tag-news","21":"tag-republique-francaise","22":"tag-rugby","23":"tag-seichamps","24":"tag-sport","25":"tag-sport-lorrain"},"share_on_mastodon":{"url":"https:\/\/pubeurope.com\/@fr\/115782066073163955","error":""},"_links":{"self":[{"href":"https:\/\/www.europesays.com\/fr\/wp-json\/wp\/v2\/posts\/622132","targetHints":{"allow":["GET"]}}],"collection":[{"href":"https:\/\/www.europesays.com\/fr\/wp-json\/wp\/v2\/posts"}],"about":[{"href":"https:\/\/www.europesays.com\/fr\/wp-json\/wp\/v2\/types\/post"}],"author":[{"embeddable":true,"href":"https:\/\/www.europesays.com\/fr\/wp-json\/wp\/v2\/users\/2"}],"replies":[{"embeddable":true,"href":"https:\/\/www.europesays.com\/fr\/wp-json\/wp\/v2\/comments?post=622132"}],"version-history":[{"count":0,"href":"https:\/\/www.europesays.com\/fr\/wp-json\/wp\/v2\/posts\/622132\/revisions"}],"wp:featuredmedia":[{"embeddable":true,"href":"https:\/\/www.europesays.com\/fr\/wp-json\/wp\/v2\/media\/622133"}],"wp:attachment":[{"href":"https:\/\/www.europesays.com\/fr\/wp-json\/wp\/v2\/media?parent=622132"}],"wp:term":[{"taxonomy":"category","embeddable":true,"href":"https:\/\/www.europesays.com\/fr\/wp-json\/wp\/v2\/categories?post=622132"},{"taxonomy":"post_tag","embeddable":true,"href":"https:\/\/www.europesays.com\/fr\/wp-json\/wp\/v2\/tags?post=622132"}],"curies":[{"name":"wp","href":"https:\/\/api.w.org\/{rel}","templated":true}]}}