{"id":62214,"date":"2025-04-29T16:27:08","date_gmt":"2025-04-29T16:27:08","guid":{"rendered":"https:\/\/www.europesays.com\/fr\/62214\/"},"modified":"2025-04-29T16:27:08","modified_gmt":"2025-04-29T16:27:08","slug":"pascal-bataille-cash-sur-les-animateurs-agites-du-paf","status":"publish","type":"post","link":"https:\/\/www.europesays.com\/fr\/62214\/","title":{"rendered":"Pascal Bataille cash sur les animateurs agit\u00e9s du PAF"},"content":{"rendered":"<p>    Pascal Bataille dans le \u00abBuzz TV\u00bb.<br \/>\n                Capture d&rsquo;\u00e9cran<\/p>\n<p><strong>ENTRETIEN &#8211;<\/strong> L\u2019animateur de \u00abY\u2019a que la v\u00e9rit\u00e9 qui compte\u00bb \u00e9tait l\u2019invit\u00e9 du \u00abBuzz TV\u00bb ce mardi \u00e0 l\u2019occasion de la r\u00e9cente sortie de son livre intitul\u00e9 Petit trait\u00e9 du silence (\u00c9d. Guy Tr\u00e9daniel) dans lequel il revient sur ses bienfaits.<\/p>\n<p class=\"fig-paragraph\">Le producteur et animateur de t\u00e9l\u00e9vision, notamment connu du grand public avec \u00abY\u2019a que la v\u00e9rit\u00e9 qui compte\u00bb qu\u2019il pr\u00e9sente aux c\u00f4t\u00e9s de Laurent Fontaine, a sorti le 10 avril dernier son livre aux \u00e9ditions Guy Tr\u00e9daniel intitul\u00e9 Petit trait\u00e9 du silence. Et si\u00a0<a href=\"http:\/\/tvmag.lefigaro.fr\/programme-tv\/people\/le-cancer-c-est-pas-une-maladie-honteuse-pascal-bataille-rend-hommage-a-emilie-dequenne-20250318\" target=\"_blank\" data-fig-type=\"Article\" rel=\"noopener\" data-gtm-custom-categorie=\"navigation\" data-gtm-custom-action=\"crossclick\" data-gtm-custom-label=\"Contextuel\" data-gtm-event=\"customEventSPE\" data-fig-domain=\"TVMAG\"><strong>Pascal Bataille<\/strong><\/a> \u00a0n\u2019est pas \u00absilenciologue\u00bb, il a une app\u00e9tence toute particuli\u00e8re pour la philosophie.<\/p>\n<p class=\"fig-paragraph\">\u00abPas grand monde m\u2019attendait sur ce th\u00e8me mais c\u2019est un sujet qui me passionne depuis de longues ann\u00e9es. J\u2019ai fait des longues \u00e9tudes de philosophie et [&#8230;] \u00e7a m\u2019accompagne dans ma vie depuis toujours\u00bb, souligne-t-il l\u2019homme de 65 ans sur le plateau du \u00abBuzz TV\u00bb. Et de poursuivre\u00a0: \u00abJe trouve qu\u2019on l\u2019oublie beaucoup trop dans notre mode de vie, notre soci\u00e9t\u00e9 alors qu\u2019il y a plein de vertus au silence.\u00bb<\/p>\n<p>\u00a0\u00bb<br \/>\n        data-script=\u00a0\u00bbhttps:\/\/static.lefigaro.fr\/widget-video\/short-ttl\/video\/index.js\u00a0\u00bb<br \/>\n    &gt;<\/p>\n<p class=\"fig-body-link\">\n            \u00c0 lire aussi<br \/>\n        <a class=\"fig-body-link__link\" href=\"http:\/\/tvmag.lefigaro.fr\/programme-tv\/actu-tele\/apres-cyril-hanouna-le-groupe-m6-recupere-bataille-et-fontaine-pour-diffuser-y-a-quel-la-verite-qui-compte-20250314\" target=\"_blank\" data-fig-type=\"Article\" rel=\"noopener\" data-gtm-custom-categorie=\"navigation\" data-gtm-custom-action=\"crossclick\" data-gtm-custom-label=\"Contextuel\" data-gtm-event=\"customEventSPE\" data-fig-domain=\"TVMAG\">Apr\u00e8s Cyril Hanouna, W9 r\u00e9cup\u00e8re Bataille et Fontaine pour diffuser \u00abY a que la v\u00e9rit\u00e9 qui compte\u00bb<br \/>\n    <\/a>\n<\/p>\n<p class=\"fig-paragraph\">D\u2019autant plus que l\u2019animateur ne conna\u00eet plus la sensation de silence total depuis un jour d\u2019avril 1993, \u00e0 la suite d\u2019un infarctus de l\u2019oreille. \u00abComme beaucoup de nos t\u00e9l\u00e9spectateurs, j\u2019ai un probl\u00e8me d\u2019acouph\u00e8nes. \u00c7a m\u2019a toujours frustr\u00e9 l\u2019id\u00e9e de ne plus avoir ce beau silence. \u00c7a m\u2019a pouss\u00e9 \u00e0 aller le chercher ailleurs, dans la contemplation, dans l\u2019art, dans la musique\u00bb, explique-t-il. Parce qu\u2019en r\u00e9alit\u00e9, la question du silence ou au contraire du bruit se glisse dans bien des domaines.<\/p>\n<p>\u00abCe bruit-l\u00e0 n\u2019est pas forc\u00e9ment de l\u2019information\u00bb<\/p>\n<p class=\"fig-paragraph\">Pascal Bataille consacre ainsi un chapitre par th\u00e9matique. Le silence dans la religion, la musique, l\u2019abandon ou encore sur les cha\u00eenes d\u2019informations. Et dans ce chapitre, il parle de l\u2019abolition du silence ressenti sur les cha\u00eenes de t\u00e9l\u00e9vision ou les stations de radio. \u00abAvec cette surabondance des cha\u00eenes d\u2019infos, j\u2019ai travaill\u00e9 sur le concept d\u2019\u201cinfob\u00e9sit\u00e9\u201d qui a \u00e9t\u00e9 d\u00e9velopp\u00e9 par des sociologues. On est dans un flux tellement permanent et tellement important, cons\u00e9quent qu\u2019on n\u2019arrive plus \u00e0 s\u00e9rier l\u2019important du futile, l\u2019urgent du moins urgent, le vrai du faux m\u00eame\u00bb, constate l\u2019animateur t\u00e9l\u00e9.<\/p>\n<p class=\"fig-paragraph\">Dans ce livre, Pascal Bataille consacre une page enti\u00e8re \u00e0 tous ces gens \u00abbruyants\u00bb. \u00abDonald T., Emmanuel M., Elon M., \u00c9ric Z.[&#8230;] et avant tout \u00e0 moi-m\u00eame\u00bb, plaisante-t-il en lisant une s\u00e9rie de noms inscrits. \u00abDes personnalit\u00e9s tr\u00e8s bruyantes, il y en a plein. Cyril Hanouna est une personnalit\u00e9 tr\u00e8s bruyante, mon ami Pascal Praud est une personnalit\u00e9 bruyante\u00bb, lance-t-il avant d\u2019expliquer son propos\u00a0: \u00abQuand je dis bruyante, \u00e7a ne veut pas forc\u00e9ment dire qu\u2019il faut les faire taire. Mais oui, \u00e7a fait beaucoup de bruit tous ces m\u00e9dias, toutes ces \u00e9missions. Et parfois ce bruit m\u00e9riterait qu\u2019on mette \u00e0 c\u00f4t\u00e9 un peu de silence. \u00c7a ne veut pas dire que ces gens-l\u00e0 sont nocifs mais ce bruit-l\u00e0 n\u2019est pas forc\u00e9ment de l\u2019information.\u00bb<\/p>\n","protected":false},"excerpt":{"rendered":"Pascal Bataille dans le \u00abBuzz TV\u00bb. Capture d&rsquo;\u00e9cran ENTRETIEN &#8211; L\u2019animateur de \u00abY\u2019a que la v\u00e9rit\u00e9 qui compte\u00bb&hellip;\n","protected":false},"author":2,"featured_media":62215,"comment_status":"","ping_status":"","sticky":false,"template":"","format":"standard","meta":{"footnotes":""},"categories":[1356],"tags":[497,496,499,1083,58,59,1011,27,500,504,505,495,10160,503,502,501,252,1364,498],"class_list":{"0":"post-62214","1":"post","2":"type-post","3":"status-publish","4":"format-standard","5":"has-post-thumbnail","7":"category-television","8":"tag-actu-tv","9":"tag-actualite-tv","10":"tag-buzz-tv","11":"tag-cyril-hanouna","12":"tag-divertissement","13":"tag-entertainment","14":"tag-fr","15":"tag-france","16":"tag-medias","17":"tag-news-tele","18":"tag-news-television","19":"tag-news-tv","20":"tag-pascal-praud","21":"tag-programme-tele","22":"tag-programme-tv","23":"tag-quiz-tv","24":"tag-television","25":"tag-tv","26":"tag-tv-actu"},"share_on_mastodon":{"url":"https:\/\/pubeurope.com\/@fr\/114422195573729189","error":""},"_links":{"self":[{"href":"https:\/\/www.europesays.com\/fr\/wp-json\/wp\/v2\/posts\/62214","targetHints":{"allow":["GET"]}}],"collection":[{"href":"https:\/\/www.europesays.com\/fr\/wp-json\/wp\/v2\/posts"}],"about":[{"href":"https:\/\/www.europesays.com\/fr\/wp-json\/wp\/v2\/types\/post"}],"author":[{"embeddable":true,"href":"https:\/\/www.europesays.com\/fr\/wp-json\/wp\/v2\/users\/2"}],"replies":[{"embeddable":true,"href":"https:\/\/www.europesays.com\/fr\/wp-json\/wp\/v2\/comments?post=62214"}],"version-history":[{"count":0,"href":"https:\/\/www.europesays.com\/fr\/wp-json\/wp\/v2\/posts\/62214\/revisions"}],"wp:featuredmedia":[{"embeddable":true,"href":"https:\/\/www.europesays.com\/fr\/wp-json\/wp\/v2\/media\/62215"}],"wp:attachment":[{"href":"https:\/\/www.europesays.com\/fr\/wp-json\/wp\/v2\/media?parent=62214"}],"wp:term":[{"taxonomy":"category","embeddable":true,"href":"https:\/\/www.europesays.com\/fr\/wp-json\/wp\/v2\/categories?post=62214"},{"taxonomy":"post_tag","embeddable":true,"href":"https:\/\/www.europesays.com\/fr\/wp-json\/wp\/v2\/tags?post=62214"}],"curies":[{"name":"wp","href":"https:\/\/api.w.org\/{rel}","templated":true}]}}