{"id":622145,"date":"2025-12-25T20:37:26","date_gmt":"2025-12-25T20:37:26","guid":{"rendered":"https:\/\/www.europesays.com\/fr\/622145\/"},"modified":"2025-12-25T20:37:26","modified_gmt":"2025-12-25T20:37:26","slug":"rennes-se-reveille-sous-la-neige-en-ce-matin-de-noel","status":"publish","type":"post","link":"https:\/\/www.europesays.com\/fr\/622145\/","title":{"rendered":"Rennes se r\u00e9veille sous la neige en ce matin de No\u00ebl"},"content":{"rendered":"<p style=\"text-align: justify;\" data-start=\"179\" data-end=\"515\">La Bretagne, notamment Rennes, s\u2019est \u00e9veill\u00e9e ce jeudi 25 d\u00e9cembre 2025, sous un l\u00e9ger manteau blanc. Comme <a href=\"https:\/\/www.rennes-infos-autrement.fr\/des-flocons-attendus-en-ille-et-vilaine\/\" target=\"_blank\" rel=\"noopener\">annonc\u00e9 par les pr\u00e9visions m\u00e9t\u00e9o<\/a>, la neige s\u2019est invit\u00e9e dans la nuit de No\u00ebl. Elle a \u00e9t\u00e9 observ\u00e9 entre 2 h et 3 h du matin en Ille-et-Vilaine, avant que l\u2019averse neigeuse ne s\u2019\u00e9tende progressivement au reste de la r\u00e9gion.<\/p>\n<p style=\"text-align: justify;\" data-start=\"517\" data-end=\"775\">Dans la capitale bretonne, les jardins, terrasses, toits et terrains de sport (notamment \u00e0 Villejean) se sont couverts d\u2019une fine couche de neige. Ils ont offert un d\u00e9cor hivernal rare pour un jour de No\u00ebl. Sur certains secteurs du centre Bretagne, l\u2019\u00e9paisseur d\u00e9passait localement les 2 cm.<\/p>\n<p style=\"text-align: justify;\" data-start=\"777\" data-end=\"1102\">Avec des temp\u00e9ratures n\u00e9gatives ou proches de z\u00e9ro ce jeudi matin, la neige a tenu au sol. Cette situation rendait la circulation d\u00e9licate, notamment sur les routes secondaires et dans les quartiers r\u00e9sidentiels. Pour l\u2019ensemble de la journ\u00e9e, les quatre d\u00e9partements bretons sont plac\u00e9s en vigilance jaune \u00ab neige et verglas \u00bb\u00a0<\/p>\n<p style=\"text-align: justify;\" data-start=\"1104\" data-end=\"1396\">Sur les r\u00e9seaux sociaux, les images de ce No\u00ebl blanc se sont multipli\u00e9s au fil de la matin\u00e9e. \u00c0 Rennes et dans ses environs, plusieurs habitants ont partag\u00e9 leurs clich\u00e9s, \u00e0 l\u2019image de <strong data-start=\"1308\" data-end=\"1319\">Lo\u00efc V.<\/strong>, qui t\u00e9moigne sur <a href=\"https:\/\/x.com\/LoicVl35\/status\/2004145181994766648\">X \u00a0 <\/a>ou encore <a href=\"https:\/\/x.com\/ERWANLEGALLL\/status\/2004129994864578702\">d\u2019Erwan<\/a>. \u00a0A midi, les flocons avaient pour la plupart disparu au plus grand dam des enfants qui s\u2019\u00e9taient lev\u00e9s un peu tard pour entamer des batailles de boule de neige.\u00a0<\/p>\n","protected":false},"excerpt":{"rendered":"La Bretagne, notamment Rennes, s\u2019est \u00e9veill\u00e9e ce jeudi 25 d\u00e9cembre 2025, sous un l\u00e9ger manteau blanc. Comme annonc\u00e9&hellip;\n","protected":false},"author":2,"featured_media":622146,"comment_status":"","ping_status":"","sticky":false,"template":"","format":"standard","meta":{"footnotes":""},"categories":[2821],"tags":[1111,11,829,1777,674,1011,27,12,584,25],"class_list":{"0":"post-622145","1":"post","2":"type-post","3":"status-publish","4":"format-standard","5":"has-post-thumbnail","7":"category-rennes","8":"tag-actu","9":"tag-actualites","10":"tag-bretagne","11":"tag-eu","12":"tag-europe","13":"tag-fr","14":"tag-france","15":"tag-news","16":"tag-rennes","17":"tag-republique-francaise"},"share_on_mastodon":{"url":"https:\/\/pubeurope.com\/@fr\/115782133320019028","error":""},"_links":{"self":[{"href":"https:\/\/www.europesays.com\/fr\/wp-json\/wp\/v2\/posts\/622145","targetHints":{"allow":["GET"]}}],"collection":[{"href":"https:\/\/www.europesays.com\/fr\/wp-json\/wp\/v2\/posts"}],"about":[{"href":"https:\/\/www.europesays.com\/fr\/wp-json\/wp\/v2\/types\/post"}],"author":[{"embeddable":true,"href":"https:\/\/www.europesays.com\/fr\/wp-json\/wp\/v2\/users\/2"}],"replies":[{"embeddable":true,"href":"https:\/\/www.europesays.com\/fr\/wp-json\/wp\/v2\/comments?post=622145"}],"version-history":[{"count":0,"href":"https:\/\/www.europesays.com\/fr\/wp-json\/wp\/v2\/posts\/622145\/revisions"}],"wp:featuredmedia":[{"embeddable":true,"href":"https:\/\/www.europesays.com\/fr\/wp-json\/wp\/v2\/media\/622146"}],"wp:attachment":[{"href":"https:\/\/www.europesays.com\/fr\/wp-json\/wp\/v2\/media?parent=622145"}],"wp:term":[{"taxonomy":"category","embeddable":true,"href":"https:\/\/www.europesays.com\/fr\/wp-json\/wp\/v2\/categories?post=622145"},{"taxonomy":"post_tag","embeddable":true,"href":"https:\/\/www.europesays.com\/fr\/wp-json\/wp\/v2\/tags?post=622145"}],"curies":[{"name":"wp","href":"https:\/\/api.w.org\/{rel}","templated":true}]}}