{"id":622157,"date":"2025-12-25T20:49:20","date_gmt":"2025-12-25T20:49:20","guid":{"rendered":"https:\/\/www.europesays.com\/fr\/622157\/"},"modified":"2025-12-25T20:49:20","modified_gmt":"2025-12-25T20:49:20","slug":"les-ambitions-dun-grand-chantier-a-lepreuve-de-lexperimentation-en-2026","status":"publish","type":"post","link":"https:\/\/www.europesays.com\/fr\/622157\/","title":{"rendered":"les ambitions d\u2019un \u201cgrand chantier\u201d \u00e0 l\u2019\u00e9preuve de l\u2019exp\u00e9rimentation en 2026"},"content":{"rendered":"<p>Deux ans apr\u00e8s l\u2019annonce du \u00ab\u00a0futur grand chantier\u00a0\u00bb de Pierre Hurmic, la <a href=\"https:\/\/www.bordeaux.fr\/a-bordeaux-centre-des-allees-de-tourny-reinventees\" target=\"_blank\" rel=\"nofollow noopener\">mise en \u0153uvre des am\u00e9nagements provisoires<\/a> depuis l\u2019automne n\u2019en finit pas de diviser en cette fin 2025. Selon le principe inh\u00e9rent \u00e0 toute nouveaut\u00e9 o\u00f9 tout changement entra\u00eene naturellement des r\u00e9ticences li\u00e9es \u00e0 une perte de rep\u00e8res.<\/p>\n<p>        <img decoding=\"async\" id=\"27212847\" src=\"https:\/\/www.europesays.com\/fr\/wp-content\/uploads\/2025\/12\/img-20251220-115838.jpg\" alt=\"La nouvelle estrade en bois voulue pour \u00ab\u00a0porter un nouveau regard sur le quartier\u00a0\u00bb ravit les plus jeunes qui y imaginent toutes sortes de jeux.\" itemprop=\"contentURL\"\/><\/p>\n<p>    La nouvelle estrade en bois voulue pour \u00ab\u00a0porter un nouveau regard sur le quartier\u00a0\u00bb ravit les plus jeunes qui y imaginent toutes sortes de jeux.<\/p>\n<p>A.\u00a0M-R.<\/p>\n<p>    Plus de bouchons<\/p>\n<p>Au-del\u00e0 du <a href=\"https:\/\/www.sudouest.fr\/gironde\/bordeaux\/bordeaux-la-mairie-deplace-des-bancs-installes-par-erreur-sur-des-places-de-parking-27201958.php\" target=\"_blank\" rel=\"follow noopener\">cafouillage de la pose de bancs sur des places de stationnement<\/a>, \u00e0 la veille de No\u00ebl, l\u2019installation de 724\u00a0m\u00e8tres\u00a0carr\u00e9s de jardini\u00e8res en bois ponctu\u00e9es de platelages suscite des r\u00e9actions antagonistes. Cette r\u00e9sidente du quartier et fid\u00e8le de l\u2019esplanade o\u00f9 s\u2019\u00e9gaille son golden retriever ne \u00ab\u00a0voit pas vraiment ce que \u00e7a change sur la circulation et le stationnement\u00a0\u00bb, alors qu\u2019\u00e0 l\u2019approche des f\u00eates, les embouteillages engorgent le c\u00f4t\u00e9 impair des all\u00e9es. Sans pr\u00eater attention \u00e0 l\u2019exposition photos \u00ab\u00a0Les\u00a0111\u00a0\u00bb, d\u00e9voilant le trait de c\u00f4te de la pointe de Grave au Ferret, la Bordelaise d\u2019adoption avoue son \u00ab\u00a0incompr\u00e9hension du projet en cours\u00a0\u00bb, elle qui \u00ab\u00a0aime bien les all\u00e9es telles quelles\u00a0\u00bb.<\/p>\n<p>        <img decoding=\"async\" id=\"27214499\" src=\"https:\/\/www.europesays.com\/fr\/wp-content\/uploads\/2025\/12\/img-20251220-115148.jpg\" alt=\"De tous les restaurants de la place, seule la Villa Tourny a investi son platelage de d\u00e9corations de No\u00ebl. Non pour y d\u00e9ployer sa terrasse.\" itemprop=\"contentURL\"\/><\/p>\n<p>    De tous les restaurants de la place, seule la Villa Tourny a investi son platelage de d\u00e9corations de No\u00ebl. Non pour y d\u00e9ployer sa terrasse.<\/p>\n<p>A.\u00a0M-R.<\/p>\n<p>\u00c0 l\u2019autre extr\u00e9mit\u00e9 du site, Aychel et Suleyman profitent de \u00ab\u00a0ces petites choses qui changent tout\u00a0\u00bb, assis sur l\u2019un des nouveaux bancs, quand leur petit Matias gravit les pyramides de l\u2019estrade \u00e9rig\u00e9e \u00e0 proximit\u00e9 du carrousel. Face \u00e0 ce \u00ab\u00a0petit Louvre de bois\u00a0\u00bb sur lequel \u00ab\u00a0[ils] n\u2019imaginaient pas que [leur] fils jouerait\u00a0\u00bb, comme tant d\u2019autres.<\/p>\n<blockquote><p>Deux ans apr\u00e8s l\u2019annonce du \u00ab\u00a0futur grand chantier\u00a0\u00bb de Pierre Hurmic, la mise en \u0153uvre des am\u00e9nagements provisoires depuis l\u2019automne n\u2019en finit pas de diviser en cette fin 2025<\/p><\/blockquote>\n<p>\u00c9tonnamment, alors que les trottoirs grouillent de badauds en qu\u00eate de cadeaux, aucun restaurateur de la place n\u2019a investi les terrasses construites face \u00e0 leurs \u00e9tablissements. Except\u00e9 La Villa Tourny qui a dress\u00e9 ses d\u00e9corations de No\u00ebl. \u00ab\u00a0Mais ils y viendront, avec les beaux jours et quand la circulation sera plus apais\u00e9e\u00a0\u00bb, assure Didier Jeanjean, maire adjoint en charge de la nature en ville.<\/p>\n<p>La s\u00e9curit\u00e9 des terrasses<\/p>\n<p>Pas s\u00fbr, \u00e0 en croire les propos fermes de Nicolas Cuny. Au nom de l\u2019association RTL4, il affirme \u00ab\u00a0rester droit dans ses bottes\u00a0\u00bb, selon l\u2019expression consacr\u00e9e de l\u2019ancien maire bordelais, Alain Jupp\u00e9, alors Premier ministre. Le pr\u00e9sident de l\u2019association f\u00e9d\u00e9rant les six \u00e9tablissements de restauration de la place ne d\u00e9roge pas de <a href=\"https:\/\/www.sudouest.fr\/gironde\/bordeaux\/kiosques-et-carres-verts-comment-les-restaurateurs-de-tourny-voient-l-avenir-des-allees-18547300.php\" target=\"_blank\" rel=\"follow noopener\">la proposition faite d\u00e9but 2024, d\u2019implanter des kiosques au c\u0153ur de l\u2019esplanade<\/a>. Le dossier, depuis retravaill\u00e9, se veut \u00ab\u00a0inspir\u00e9 des colonnes Morris, dans un style plus Art d\u00e9co s\u2019int\u00e9grant \u00e0 l\u2019histoire de la place\u00a0\u00bb. Il sera soumis en d\u00e9but d\u2019ann\u00e9e prochaine \u00e0 l\u2019architecte des B\u00e2timents de France.<\/p>\n<p>        <img decoding=\"async\" id=\"27214191\" src=\"https:\/\/www.europesays.com\/fr\/wp-content\/uploads\/2025\/12\/img-20251220-111203.jpg\" alt=\"Face \u00e0 l\u2019H\u00f4tel de S\u00e8ze, \u00e0 peine mont\u00e9, le platelage a d\u00e9j\u00e0 fait les frais d\u2019une collision d\u2019un v\u00e9hicule, ayant lourdement endommag\u00e9 la structure de la terrasse.\" itemprop=\"contentURL\"\/><\/p>\n<p>    Face \u00e0 l\u2019H\u00f4tel de S\u00e8ze, \u00e0 peine mont\u00e9, le platelage a d\u00e9j\u00e0 fait les frais d\u2019une collision d\u2019un v\u00e9hicule, ayant lourdement endommag\u00e9 la structure de la terrasse.<\/p>\n<p>A.\u00a0M-R.<\/p>\n<p>En attendant, la configuration actuelle des terrasses inqui\u00e8te les restaurateurs en termes de s\u00e9curit\u00e9 \u2013 ce que tend \u00e0 confirmer la collision, d\u00e9j\u00e0, d\u2019un v\u00e9hicule dans le platelage au droit de l\u2019H\u00f4tel de S\u00e8ze. Elle interroge aussi sur l\u2019exp\u00e9rience v\u00e9cue par la client\u00e8le install\u00e9e \u00ab\u00a0dans les gaz d\u2019\u00e9chappement des embouteillages\u00a0\u00bb occasionn\u00e9s par \u00ab\u00a0le goulot d\u2019\u00e9tranglement\u00a0\u00bb qui se forme r\u00e9guli\u00e8rement depuis la mat\u00e9rialisation d\u2019une piste cyclable c\u00f4t\u00e9 impair.<\/p>\n<p>Ajoutez \u00ab\u00a0la solidarit\u00e9 avec les commer\u00e7ants qui ont perdu des places de stationnement en surface\u00a0\u00bb, plaid\u00e9e au sein de l\u2019association par C\u00e9dric Janvier, directeur de l\u2019H\u00f4tel de S\u00e8ze, on est loin d\u2019obtenir l\u2019adh\u00e9sion et l\u2019engagement des parties prenantes n\u00e9cessaire \u00e0 l\u2019acceptation de tout changement.<\/p>\n<p>1\u00a0500 participations \u00e0 la concertation<\/p>\n<p>Pourtant, en instaurant <a href=\"https:\/\/www.sudouest.fr\/politique\/urbanisme\/l-avenir-des-allees-de-tourny-se-dessine-en-concertation-avec-les-bordelais-18830717.php\" target=\"_blank\" rel=\"follow noopener\">une concertation pr\u00e9alable des Bordelais durant le printemps 2024<\/a>, Pierre Hurmic avait tout lieu de penser qu\u2019il balaierait toute r\u00e9ticence, quant au \u00ab\u00a0diagnostic des lieux et les solutions pour r\u00e9pondre aux attentes des Bordelais\u00a0\u00bb. L\u2019actuelle municipalit\u00e9 ayant pr\u00e9f\u00e9r\u00e9 l\u2019urbanisme pragmatique au concours d\u2019architecture, dont avait us\u00e9 l\u2019\u00e8re Jupp\u00e9 pour requalifier les quais, la place de la Victoire et Gambetta, s\u2019est donc appuy\u00e9e sur les 1\u00a0500\u00a0contributions pour proposer des am\u00e9nagements \u00ab\u00a0temporaires et r\u00e9versibles\u00a0\u00bb. Et dont elle n\u2019a de cesse de r\u00e9p\u00e9ter qu\u2019ils ne pr\u00e9figurent en rien la physionomie de Tourny au terme du chantier annonc\u00e9 en 2027. Car, r\u00e9p\u00e8te Didier Jeanjean, ce n\u2019est qu\u2019au terme d\u2019un usage durant l\u2019ann\u00e9e 2026 que \u00ab\u00a0nous verrons si nous avons r\u00e9pondu \u00e0 la demande sur les all\u00e9es\u00a0\u00bb. Ou pas, alors que <a href=\"https:\/\/www.sudouest.fr\/gironde\/bordeaux-massacre-pas-du-tout-la-priorite-je-m-en-foutisme-tourny-ce-projet-qui-fait-l-unanimite-des-candidats-aux-municipales-contre-lui-27212474.php\" target=\"_blank\" rel=\"follow noopener\">le dossier ne manque pas d\u2019alimenter la campagne des municipales<\/a> de mars prochain.<\/p>\n<blockquote><p>\u00ab\u00a0Du provisoire pour voir si \u00e7a ne pla\u00eet pas\u00a0? Esth\u00e9tiquement c\u2019est une v\u00e9ritable horreur\u00a0\u00bb<\/p><\/blockquote>\n<p>\u00ab\u00a0Du provisoire pour voir si \u00e7a ne pla\u00eet pas\u00a0?\u00a0\u00bb questionne Arnaud Brukhnoff. Le photographe a tranch\u00e9\u00a0: \u00ab\u00a0Esth\u00e9tiquement c\u2019est une v\u00e9ritable horreur. Tout ce fric d\u00e9pens\u00e9 pour du bois qui va en plus pourrir.\u00a0\u00bb Pour cet amoureux de Bordeaux \u00ab\u00a0il y aurait eu plus d\u2019int\u00e9r\u00eat \u00e0 aider les commer\u00e7ants\u00a0\u00bb.<\/p>\n<p>        <img decoding=\"async\" id=\"27203400\" src=\"https:\/\/www.europesays.com\/fr\/wp-content\/uploads\/2025\/12\/20251223185033-l113632.jpg\" alt=\"Si les am\u00e9nagements transitoires remportent l\u2019adh\u00e9sion d\u2019ici 2027, leur esth\u00e9tique sera revue avec \u00ab\u00a0des mat\u00e9riaux p\u00e9rennes, adapt\u00e9s \u00e0 ce site patrimonial\u00a0\u00bb\" itemprop=\"contentURL\"\/><\/p>\n<p>    Si les am\u00e9nagements transitoires remportent l\u2019adh\u00e9sion d\u2019ici 2027, leur esth\u00e9tique sera revue avec \u00ab\u00a0des mat\u00e9riaux p\u00e9rennes, adapt\u00e9s \u00e0 ce site patrimonial\u00a0\u00bb<\/p>\n<p>Claude Petit\u00a0\/\u00a0SO<\/p>\n<p>C\u2019est pr\u00e9cis\u00e9ment pour r\u00e9pondre \u00e0 cette probl\u00e9matique, comme aux nouveaux enjeux climatiques et de mobilit\u00e9, que la mairie a plac\u00e9 \u00ab\u00a0ce nouvel am\u00e9nagement embl\u00e9matique\u00a0\u00bb sous le signe des \u00ab\u00a03A\u00a0\u00bb, o\u00f9 arbor\u00e9e, apais\u00e9e et anim\u00e9e, la place gagnera en attractivit\u00e9 alimentant la dynamique \u00e9conomique. Et l\u2019adjoint \u00e0 la nature en ville de citer l\u2019exemple de\u00a0la rue Bouffard\u00a0preuve selon lui que \u00ab\u00a0la voiture n\u2019am\u00e8ne pas plus de flux pour les commer\u00e7ants\u00a0\u00bb.<\/p>\n","protected":false},"excerpt":{"rendered":"Deux ans apr\u00e8s l\u2019annonce du \u00ab\u00a0futur grand chantier\u00a0\u00bb de Pierre Hurmic, la mise en \u0153uvre des am\u00e9nagements provisoires&hellip;\n","protected":false},"author":2,"featured_media":622158,"comment_status":"","ping_status":"","sticky":false,"template":"","format":"standard","meta":{"footnotes":""},"categories":[2817],"tags":[1111,11,1997,1777,674,1011,27,12,2219,25],"class_list":{"0":"post-622157","1":"post","2":"type-post","3":"status-publish","4":"format-standard","5":"has-post-thumbnail","7":"category-bordeaux","8":"tag-actu","9":"tag-actualites","10":"tag-bordeaux","11":"tag-eu","12":"tag-europe","13":"tag-fr","14":"tag-france","15":"tag-news","16":"tag-nouvelle-aquitaine","17":"tag-republique-francaise"},"share_on_mastodon":{"url":"https:\/\/pubeurope.com\/@fr\/115782180479380810","error":""},"_links":{"self":[{"href":"https:\/\/www.europesays.com\/fr\/wp-json\/wp\/v2\/posts\/622157","targetHints":{"allow":["GET"]}}],"collection":[{"href":"https:\/\/www.europesays.com\/fr\/wp-json\/wp\/v2\/posts"}],"about":[{"href":"https:\/\/www.europesays.com\/fr\/wp-json\/wp\/v2\/types\/post"}],"author":[{"embeddable":true,"href":"https:\/\/www.europesays.com\/fr\/wp-json\/wp\/v2\/users\/2"}],"replies":[{"embeddable":true,"href":"https:\/\/www.europesays.com\/fr\/wp-json\/wp\/v2\/comments?post=622157"}],"version-history":[{"count":0,"href":"https:\/\/www.europesays.com\/fr\/wp-json\/wp\/v2\/posts\/622157\/revisions"}],"wp:featuredmedia":[{"embeddable":true,"href":"https:\/\/www.europesays.com\/fr\/wp-json\/wp\/v2\/media\/622158"}],"wp:attachment":[{"href":"https:\/\/www.europesays.com\/fr\/wp-json\/wp\/v2\/media?parent=622157"}],"wp:term":[{"taxonomy":"category","embeddable":true,"href":"https:\/\/www.europesays.com\/fr\/wp-json\/wp\/v2\/categories?post=622157"},{"taxonomy":"post_tag","embeddable":true,"href":"https:\/\/www.europesays.com\/fr\/wp-json\/wp\/v2\/tags?post=622157"}],"curies":[{"name":"wp","href":"https:\/\/api.w.org\/{rel}","templated":true}]}}