{"id":622161,"date":"2025-12-25T20:51:13","date_gmt":"2025-12-25T20:51:13","guid":{"rendered":"https:\/\/www.europesays.com\/fr\/622161\/"},"modified":"2025-12-25T20:51:13","modified_gmt":"2025-12-25T20:51:13","slug":"un-incendie-se-declare-dans-un-appartement-son-locataire-va-devoir-etre-reloge-le-jour-de-noel","status":"publish","type":"post","link":"https:\/\/www.europesays.com\/fr\/622161\/","title":{"rendered":"Un incendie se d\u00e9clare dans un appartement\u00a0: son locataire va devoir \u00eatre relog\u00e9 le jour de No\u00ebl"},"content":{"rendered":"<p>\n                                                                    l&rsquo;essentiel<br \/>\n                                                                Un incendie s\u2019est d\u00e9clar\u00e9 dans un appartement \u00e0 Toulouse en milieu d\u2019apr\u00e8s-midi. Le sinistre, qui n\u2019a pas fait de victime, a caus\u00e9 d\u2019importants d\u00e9g\u00e2ts mat\u00e9riels. L\u2019occupant devra \u00eatre relog\u00e9 temporairement, selon les pompiers.\n                            <\/p>\n<p>Un incendie s\u2019est d\u00e9clar\u00e9 ce jeudi 25\u00a0d\u00e9cembre dans un appartement situ\u00e9 au quatri\u00e8me \u00e9tage d\u2019un immeuble \u00e0 Toulouse, dans le quartier d\u2019Empalot. Les sapeurs-pompiers sont intervenus rapidement pour ma\u00eetriser le sinistre qui a touch\u00e9 un logement en duplex, \u00e9vitant ainsi toute propagation au reste du b\u00e2timent.<\/p>\n<p>L\u2019alerte a \u00e9t\u00e9 donn\u00e9e en milieu de journ\u00e9e pour un feu s\u2019\u00e9tant d\u00e9clar\u00e9 au dernier niveau de cette r\u00e9sidence situ\u00e9e impasse des H\u00e9rons. Selon le Service d\u00e9partemental d\u2019incendie et de secours (SDIS), l\u2019intervention a mobilis\u00e9 19 sapeurs-pompiers et cinq engins de secours. Les soldats du feu ont utilis\u00e9 une lance \u00e0 eau pour circonscrire les flammes avant de proc\u00e9der \u00e0 une ventilation des locaux.<\/p>\n<p>Aucune victime n\u2019est \u00e0 d\u00e9plorer. L\u2019appartement de 50 m\u00b2 a toutefois subi des dommages importants, notamment en raison de l\u2019\u00e9paisse fum\u00e9e d\u00e9gag\u00e9e par la combustion. L\u2019occupant des lieux devra \u00eatre relog\u00e9 en raison de l\u2019insalubrit\u00e9 temporaire de son logement.<\/p>\n<p>Les op\u00e9rations de reconnaissance se sont poursuivies durant l\u2019apr\u00e8s-midi pour s\u2019assurer de l\u2019absence de points chauds r\u00e9siduels. \u00ab\u00a0Cette intervention a permis de limiter les d\u00e9g\u00e2ts mat\u00e9riels et de garantir la s\u00e9curit\u00e9 des habitants du quartier\u00a0\u00bb, pr\u00e9cisent les services de secours.<\/p>\n","protected":false},"excerpt":{"rendered":"l&rsquo;essentiel Un incendie s\u2019est d\u00e9clar\u00e9 dans un appartement \u00e0 Toulouse en milieu d\u2019apr\u00e8s-midi. Le sinistre, qui n\u2019a pas&hellip;\n","protected":false},"author":2,"featured_media":622162,"comment_status":"","ping_status":"","sticky":false,"template":"","format":"standard","meta":{"footnotes":""},"categories":[2816],"tags":[1111,11,1777,674,118,1011,27,2722,5383,12,2680,25,2312],"class_list":{"0":"post-622161","1":"post","2":"type-post","3":"status-publish","4":"format-standard","5":"has-post-thumbnail","7":"category-toulouse","8":"tag-actu","9":"tag-actualites","10":"tag-eu","11":"tag-europe","12":"tag-faits-divers","13":"tag-fr","14":"tag-france","15":"tag-haute-garonne","16":"tag-incendies","17":"tag-news","18":"tag-occitanie","19":"tag-republique-francaise","20":"tag-toulouse"},"share_on_mastodon":{"url":"https:\/\/pubeurope.com\/@fr\/115782188013041964","error":""},"_links":{"self":[{"href":"https:\/\/www.europesays.com\/fr\/wp-json\/wp\/v2\/posts\/622161","targetHints":{"allow":["GET"]}}],"collection":[{"href":"https:\/\/www.europesays.com\/fr\/wp-json\/wp\/v2\/posts"}],"about":[{"href":"https:\/\/www.europesays.com\/fr\/wp-json\/wp\/v2\/types\/post"}],"author":[{"embeddable":true,"href":"https:\/\/www.europesays.com\/fr\/wp-json\/wp\/v2\/users\/2"}],"replies":[{"embeddable":true,"href":"https:\/\/www.europesays.com\/fr\/wp-json\/wp\/v2\/comments?post=622161"}],"version-history":[{"count":0,"href":"https:\/\/www.europesays.com\/fr\/wp-json\/wp\/v2\/posts\/622161\/revisions"}],"wp:featuredmedia":[{"embeddable":true,"href":"https:\/\/www.europesays.com\/fr\/wp-json\/wp\/v2\/media\/622162"}],"wp:attachment":[{"href":"https:\/\/www.europesays.com\/fr\/wp-json\/wp\/v2\/media?parent=622161"}],"wp:term":[{"taxonomy":"category","embeddable":true,"href":"https:\/\/www.europesays.com\/fr\/wp-json\/wp\/v2\/categories?post=622161"},{"taxonomy":"post_tag","embeddable":true,"href":"https:\/\/www.europesays.com\/fr\/wp-json\/wp\/v2\/tags?post=622161"}],"curies":[{"name":"wp","href":"https:\/\/api.w.org\/{rel}","templated":true}]}}