{"id":622163,"date":"2025-12-25T20:52:13","date_gmt":"2025-12-25T20:52:13","guid":{"rendered":"https:\/\/www.europesays.com\/fr\/622163\/"},"modified":"2025-12-25T20:52:13","modified_gmt":"2025-12-25T20:52:13","slug":"une-belge-retrouvee-morte-a-lille-son-compagnon-place-en-garde-a-vue","status":"publish","type":"post","link":"https:\/\/www.europesays.com\/fr\/622163\/","title":{"rendered":"Une Belge retrouv\u00e9e morte \u00e0 Lille, son compagnon plac\u00e9 en garde \u00e0 vue"},"content":{"rendered":"<p class=\"ap-StoryElement ap-StoryElement--mb ap-StoryText\">La victime a \u00e9t\u00e9 d\u00e9couverte sans vie \u00e0 la mi-journ\u00e9e au domicile de son compagnon dans un quartier populaire de Lille, selon cette source.<\/p>\n<p class=\"ap-StoryElement ap-StoryElement--mb ap-StoryText\">Les policiers ont constat\u00e9 des traces de violences dans l&rsquo;appartement, ainsi que des h\u00e9matomes sur le corps de la victime, toujours selon cette source.<\/p>\n<p class=\"ap-StoryElement ap-StoryElement--mb ap-StoryText\">Son conjoint, un Alg\u00e9rien de 36 ans qui avait appel\u00e9 les secours, a reconnu que la situation avait d\u00e9g\u00e9n\u00e9r\u00e9 \u00e0 l&rsquo;issue d&rsquo;une soir\u00e9e alcoolis\u00e9e. Il a \u00e9t\u00e9 plac\u00e9 en garde \u00e0 vue, pr\u00e9cise la source polici\u00e8re. Il est connu de la justice pour d\u00e9lit routier, ajoute cette source, qui indique qu&rsquo;il est en situation r\u00e9guli\u00e8re sur le territoire fran\u00e7ais.<\/p>\n","protected":false},"excerpt":{"rendered":"La victime a \u00e9t\u00e9 d\u00e9couverte sans vie \u00e0 la mi-journ\u00e9e au domicile de son compagnon dans un quartier&hellip;\n","protected":false},"author":2,"featured_media":2837,"comment_status":"","ping_status":"","sticky":false,"template":"","format":"standard","meta":{"footnotes":""},"categories":[2815],"tags":[1111,11,1777,674,1011,27,811,8639,1307,12,1072,25],"class_list":{"0":"post-622163","1":"post","2":"type-post","3":"status-publish","4":"format-standard","5":"has-post-thumbnail","7":"category-lille","8":"tag-actu","9":"tag-actualites","10":"tag-eu","11":"tag-europe","12":"tag-fr","13":"tag-france","14":"tag-hauts-de-france","15":"tag-judiciaire","16":"tag-lille","17":"tag-news","18":"tag-police","19":"tag-republique-francaise"},"share_on_mastodon":{"url":"https:\/\/pubeurope.com\/@fr\/115782192050164867","error":""},"_links":{"self":[{"href":"https:\/\/www.europesays.com\/fr\/wp-json\/wp\/v2\/posts\/622163","targetHints":{"allow":["GET"]}}],"collection":[{"href":"https:\/\/www.europesays.com\/fr\/wp-json\/wp\/v2\/posts"}],"about":[{"href":"https:\/\/www.europesays.com\/fr\/wp-json\/wp\/v2\/types\/post"}],"author":[{"embeddable":true,"href":"https:\/\/www.europesays.com\/fr\/wp-json\/wp\/v2\/users\/2"}],"replies":[{"embeddable":true,"href":"https:\/\/www.europesays.com\/fr\/wp-json\/wp\/v2\/comments?post=622163"}],"version-history":[{"count":0,"href":"https:\/\/www.europesays.com\/fr\/wp-json\/wp\/v2\/posts\/622163\/revisions"}],"wp:featuredmedia":[{"embeddable":true,"href":"https:\/\/www.europesays.com\/fr\/wp-json\/wp\/v2\/media\/2837"}],"wp:attachment":[{"href":"https:\/\/www.europesays.com\/fr\/wp-json\/wp\/v2\/media?parent=622163"}],"wp:term":[{"taxonomy":"category","embeddable":true,"href":"https:\/\/www.europesays.com\/fr\/wp-json\/wp\/v2\/categories?post=622163"},{"taxonomy":"post_tag","embeddable":true,"href":"https:\/\/www.europesays.com\/fr\/wp-json\/wp\/v2\/tags?post=622163"}],"curies":[{"name":"wp","href":"https:\/\/api.w.org\/{rel}","templated":true}]}}