{"id":622170,"date":"2025-12-25T20:56:15","date_gmt":"2025-12-25T20:56:15","guid":{"rendered":"https:\/\/www.europesays.com\/fr\/622170\/"},"modified":"2025-12-25T20:56:15","modified_gmt":"2025-12-25T20:56:15","slug":"metropole-de-lyon-retranche-chez-lui-un-homme-interpelle-apres-avoir-menace-de-tout-faire-sauter","status":"publish","type":"post","link":"https:\/\/www.europesays.com\/fr\/622170\/","title":{"rendered":"M\u00e9tropole de Lyon. Retranch\u00e9 chez lui, un homme interpell\u00e9 apr\u00e8s avoir menac\u00e9 de \u00ab\u00a0tout faire sauter\u00a0\u00bb"},"content":{"rendered":"<p>Plus de peur que de mal cette fin d\u2019apr\u00e8s-midi de No\u00ebl \u00e0 Vaulx-en-Velin. Un homme a \u00e9t\u00e9 interpell\u00e9 par des agents de la police nationale sur les coups de 17\u00a0h\u00a045. L\u2019individu avait menac\u00e9 quelques minutes auparavant son fils avec un couteau. C\u2019est ce dernier qui a pr\u00e9venu les forces de l\u2019ordre et de secours apr\u00e8s s\u2019\u00eatre mis \u00e0 l\u2019abri.<\/p>\n<p>Le suspect a ensuite menac\u00e9 de \u00ab\u00a0tout faire sauter\u00a0\u00bb d\u2019apr\u00e8s nos informations, avant d\u2019\u00eatre interpell\u00e9 tr\u00e8s rapidement par les forces de l\u2019ordre. Aucun bless\u00e9 n\u2019est \u00e0 d\u00e9plorer. Le fils a \u00e9t\u00e9 pris en charge par les pompiers sur place, avenue du 8\u00a0mai 1945, dans la partie nord du <a href=\"https:\/\/www.leprogres.fr\/economie\/2025\/05\/13\/un-demi-milliard-d-euros-pour-desenclaver-le-mas-du-taureau-a-vaulx-en-velin-ce-qu-il-faut-retenir\" target=\"_blank\" rel=\"noopener\">quartier du Mas-du-Taureau<\/a>.<\/p>\n<p>  Un bless\u00e9 par balles cette semaine \u00e0 Vaulx<\/p>\n<p>Mardi 23\u00a0d\u00e9cembre, un homme d\u00e9favorablement connu des services de police avait \u00e9t\u00e9 bless\u00e9 par plusieurs tirs d\u2019arme \u00e0 feu \u00e0 proximit\u00e9 de son domicile, avenue Paul-Marcellin \u00e0 Vaulx-en-Velin.<\/p>\n<p>Ce contenu est bloqu\u00e9 car vous n&rsquo;avez pas accept\u00e9 les cookies et autres traceurs.<\/p>\n<p>En cliquant sur \u00ab J\u2019accepte \u00bb, les cookies et autres traceurs seront d\u00e9pos\u00e9s et vous pourrez visualiser les contenus  (<a href=\"\" class=\"consentModule_policy\" target=\"_blank\" title=\"Consulter la politique de protection des donn\u00e9es du fournisseur\">plus d&rsquo;informations<\/a>).<\/p>\n<p>En cliquant sur \u00ab J\u2019accepte tous les cookies \u00bb, vous autorisez des d\u00e9p\u00f4ts de cookies et autres traceurs pour le stockage de vos donn\u00e9es sur nos sites et applications \u00e0 des fins de personnalisation et de ciblage publicitaire.<\/p>\n<p class=\"consentModule_secondaryText\">Vous gardez la possibilit\u00e9 de retirer votre consentement \u00e0 tout moment en consultant notre <a href=\"https:\/\/www.leprogres.fr\/protection-des-donnees\" target=\"_blank\" title=\"Consulter notre politique de protection des donn\u00e9es\" rel=\"noopener\">politique de protection des donn\u00e9es<\/a>. <br \/>&#13;<br \/>\n            <a href=\"https:\/\/www.leprogres.fr\/faits-divers-justice\/2025\/12\/25\/javascript:Didomi.notice.show()\" class=\"consentModule_cmp\" target=\"_blank\" rel=\"noopener\">G\u00e9rer mes choix<\/a>&#13;\n        <\/p>\n<p>&#13;<br \/>\n                        J&rsquo;accepte&#13;<br \/>\n            J&rsquo;accepte tous les cookies&#13;\n        <\/p>\n<p>Apr\u00e8s avoir \u00e9t\u00e9 bless\u00e9 au niveau du dos et des jambes, l\u2019individu avait pris la fuite \u00e0 l\u2019aide de tiers. Ces derniers l\u2019ont d\u00e9pos\u00e9 quelques hectom\u00e8tres plus loin, au commissariat de la commune. L\u2019homme a \u00e9t\u00e9 pris en charge par les pompiers et hospitalis\u00e9 dans la foul\u00e9e.<\/p>\n","protected":false},"excerpt":{"rendered":"Plus de peur que de mal cette fin d\u2019apr\u00e8s-midi de No\u00ebl \u00e0 Vaulx-en-Velin. Un homme a \u00e9t\u00e9 interpell\u00e9&hellip;\n","protected":false},"author":2,"featured_media":622171,"comment_status":"","ping_status":"","sticky":false,"template":"","format":"standard","meta":{"footnotes":""},"categories":[1889],"tags":[1111,11,2430,3152,1777,674,274,107,1011,27,2428,12,25,2429,5070,5449],"class_list":{"0":"post-622170","1":"post","2":"type-post","3":"status-publish","4":"format-standard","5":"has-post-thumbnail","7":"category-lyon","8":"tag-actu","9":"tag-actualites","10":"tag-auvergne-rhone-alpes","11":"tag-edition-est-lyonnais","12":"tag-eu","13":"tag-europe","14":"tag-faits-divers-justice","15":"tag-fil-info","16":"tag-fr","17":"tag-france","18":"tag-lyon","19":"tag-news","20":"tag-republique-francaise","21":"tag-rhone","22":"tag-vaulx-en-velin","23":"tag-vaulx-ville"},"share_on_mastodon":{"url":"https:\/\/pubeurope.com\/@fr\/115782207642283194","error":""},"_links":{"self":[{"href":"https:\/\/www.europesays.com\/fr\/wp-json\/wp\/v2\/posts\/622170","targetHints":{"allow":["GET"]}}],"collection":[{"href":"https:\/\/www.europesays.com\/fr\/wp-json\/wp\/v2\/posts"}],"about":[{"href":"https:\/\/www.europesays.com\/fr\/wp-json\/wp\/v2\/types\/post"}],"author":[{"embeddable":true,"href":"https:\/\/www.europesays.com\/fr\/wp-json\/wp\/v2\/users\/2"}],"replies":[{"embeddable":true,"href":"https:\/\/www.europesays.com\/fr\/wp-json\/wp\/v2\/comments?post=622170"}],"version-history":[{"count":0,"href":"https:\/\/www.europesays.com\/fr\/wp-json\/wp\/v2\/posts\/622170\/revisions"}],"wp:featuredmedia":[{"embeddable":true,"href":"https:\/\/www.europesays.com\/fr\/wp-json\/wp\/v2\/media\/622171"}],"wp:attachment":[{"href":"https:\/\/www.europesays.com\/fr\/wp-json\/wp\/v2\/media?parent=622170"}],"wp:term":[{"taxonomy":"category","embeddable":true,"href":"https:\/\/www.europesays.com\/fr\/wp-json\/wp\/v2\/categories?post=622170"},{"taxonomy":"post_tag","embeddable":true,"href":"https:\/\/www.europesays.com\/fr\/wp-json\/wp\/v2\/tags?post=622170"}],"curies":[{"name":"wp","href":"https:\/\/api.w.org\/{rel}","templated":true}]}}